{"id":9475,"date":"2023-04-18T11:05:24","date_gmt":"2023-04-18T09:05:24","guid":{"rendered":"https:\/\/www.brighigroup.com\/2023\/04\/18\/notre-presence-dans-les-salons-internationaux\/"},"modified":"2023-04-19T17:08:46","modified_gmt":"2023-04-19T15:08:46","slug":"notre-presence-dans-les-salons-internationaux","status":"publish","type":"post","link":"https:\/\/www.brighigroup.com\/fr\/blog\/2023\/04\/18\/notre-presence-dans-les-salons-internationaux\/","title":{"rendered":"NOTRE PR\u00c9SENCE DANS LES SALONS INTERNATIONAUX"},"content":{"rendered":"<p class=\"p1\">2023 est l&rsquo;ann\u00e9e o\u00f9 nous avons d\u00e9cid\u00e9 de miser sur les relations : celles que nous avons avec nos clients et celles que nous voulons \u00e9tablir avec les leaders du march\u00e9 et les cr\u00e9ateurs de tendances. C&rsquo;est \u00e0 partir de ces relations que nos id\u00e9es prennent forme et c&rsquo;est pourquoi, en 2023, nous participerons aux \u00e9v\u00e9nements les plus importants et les plus internationaux du secteur avec une surface d&rsquo;exposition de plus de 450 m\u00b2.<\/p>\n<p class=\"p1\">Suivront <strong>INTERZUM<\/strong> \u00e0 Cologne avec plus de 130 m\u00b2 d&rsquo;espace rempli de solutions innovantes ; <strong>ITMA<\/strong> \u00e0 Milan avec 150 m\u00b2 de machines sp\u00e9cifiques pour le textile de maison, l&#8217;emballage et le recyclage ; <strong>FURNITURE MANUFACTURING EXPO<\/strong> \u00e0 Hickory, NC avec l&rsquo;innovation dans les mati\u00e8res premi\u00e8res et les tissus d&rsquo;ameublement. Enfin, \u00e0 la toute fin de l&rsquo;ann\u00e9e 2023, nous serons \u00e0 Stuttgart pour <strong>FOAM EXPO<\/strong>, o\u00f9, avec nos partenaires chimiques, nous pr\u00e9senterons toutes les nouveaut\u00e9s dans le monde du polyur\u00e9thane.<\/p>\n<p class=\"p3\"><a href=\"https:\/\/www.interzum.com\/en\/interzum-exhibitors\/list-of-exhibitors\/\" target=\"_blank\" rel=\"noopener\"><strong>INTERZUM<\/strong><\/a><\/p>\n<p class=\"p1\">Cologne, Allemagne<br \/>\n09 &#8211; 12 mai<br \/>\nHall 9.1, stand A-018\/B-019<\/p>\n<p class=\"p3\"><a href=\"https:\/\/itma.com\/\" target=\"_blank\" rel=\"noopener\"><strong>ITMA<\/strong><\/a><\/p>\n<p class=\"p1\">Milan, Italie<br \/>\n08 &#8211; 14 juin<br \/>\nHall 9, stand D101<\/p>\n<p class=\"p3\"><a href=\"https:\/\/www.furnituremanufacturingexpo.com\/exhibitors?&amp;azletter=B&amp;searchgroup=00000001-exhibitors\" target=\"_blank\" rel=\"noopener\"><strong>FURNITURE MANUFACTURING EXPO<\/strong><\/a><\/p>\n<p class=\"p1\">Hickory, Caroline du Nord, \u00c9tats-Unis<br \/>\n19 &#8211; 20 juillet<br \/>\nStand 1216<\/p>\n<p class=\"p3\"><a href=\"https:\/\/www.foam-expo-europe.com\/exhibitor-list\/\" target=\"_blank\" rel=\"noopener\"><strong>FOAM EXPO<\/strong><\/a><\/p>\n<p class=\"p1\">Stuttgart, Allemagne<br \/>\n05 &#8211; 07 d\u00e9cembre<br \/>\nStand 540<\/p>\n<p class=\"p2\">\n<h3><strong>VOICI CE QUE VOUS TROUVEREZ SUR NOS STANDS<\/strong><\/h3>\n<p class=\"p3\"><strong>R\u00e9alisez votre m\u00e9lange<\/strong><\/p>\n<p class=\"p3\">Le traitement des mat\u00e9riaux de remplissage est un \u00e9l\u00e9ment cl\u00e9 pour assurer les meilleurs r\u00e9sultats et garantir un <strong>rendement de meilleure qualit\u00e9<\/strong> : r\u00e9silience et douceur \u00e0 la fois. Nos chefs de projet vous guideront dans le choix des mat\u00e9riaux et des m\u00e9langes, qui ne seront plus un probl\u00e8me puisqu&rsquo;ils sont <strong>g\u00e9r\u00e9s automatiquement par notre logiciel<\/strong>. Gr\u00e2ce \u00e0 notre technologie, les m\u00e9langes et les produits finis seront enfin coh\u00e9rents.<\/p>\n<p class=\"p3\"><strong>Personnalisez votre mousse<\/strong><\/p>\n<p class=\"p3\">Machine \u00e0 mousse et connaissances chimiques : voil\u00e0 ce dont vous avez besoin pour fabriquer des blocs de mousse et notre division mousse peut vous fournir les deux. <a href=\"https:\/\/www.brighigroup.com\/fr\/machine\/fp-400\/\" target=\"_blank\" rel=\"noopener\">En plus de notre ligne de production par lots et de nos sp\u00e9cialistes produits<\/a>, notre partenariat avec des <strong>experts de l&rsquo;industrie de la mousse<\/strong> est ce qui fait de nous une offre globale pour atteindre la densit\u00e9 que vous souhaitez.<\/p>\n<p class=\"p3\">Et si vous cherchez \u00e0 diff\u00e9rencier votre produit, vous pouvez d\u00e9couvrir les avantages de la <strong>mousse biosourc\u00e9e<\/strong> dans notre tout nouveau blog, <a href=\"https:\/\/www.brighigroup.com\/fr\/b-right-home-textile-highlights-fr\/\" target=\"_blank\" rel=\"noopener\">B-right<\/a>.<\/p>\n<p class=\"p3\"><strong>R\u00e9duire, r\u00e9utiliser, recycler<\/strong><\/p>\n<p class=\"p3\">D\u00e9couvrez nos solutions de recyclage con\u00e7ues pour d\u00e9velopper une \u00e9conomie circulaire en transformant les d\u00e9chets tels que les chutes de mousse et la ouate en une nouvelle <strong>mati\u00e8re premi\u00e8re secondaire<\/strong> utilis\u00e9e pour remplir les coussins, les fauteuils, les canap\u00e9s, les matelas et d&rsquo;autres articles rembourr\u00e9s. Cela permet \u00e9galement de r\u00e9duire consid\u00e9rablement l&rsquo;utilisation de mati\u00e8res premi\u00e8res, car seul un pourcentage minimum est utilis\u00e9 dans les m\u00e9langes. Il est \u00e9galement possible de produire de la <strong>mousse rebondie<\/strong> \u00e0 partir de chutes de production pour les matelas, les canap\u00e9s et d&rsquo;autres applications.<\/p>\n<p class=\"p3\"><strong>Repenser votre processus<\/strong><\/p>\n<p class=\"p3\">Nos chefs de projet travaillent chaque jour avec des clients de 60 pays diff\u00e9rents. Forts de plus de 50 ans d&rsquo;exp\u00e9rience, ils sont en mesure <strong>d&rsquo;\u00e9tudier en profondeur chaque processus<\/strong>, de la manutention des mati\u00e8res premi\u00e8res \u00e0 l&#8217;emballage, afin de proposer une <strong>solution personnalis\u00e9e<\/strong> permettant d&rsquo;accro\u00eetre consid\u00e9rablement la productivit\u00e9 et l&rsquo;efficacit\u00e9. Cela signifie \u00e9galement qu&rsquo;une ligne compl\u00e8te est fournie par <strong>un seul fabricant<\/strong>, avec tous les avantages qui en d\u00e9coulent, tels qu&rsquo;un \u00ab\u00a0syst\u00e8me ouvert\u00a0\u00bb, avec la possibilit\u00e9 de le mettre en \u0153uvre \u00e9tape par \u00e9tape au fil du temps.<\/p>\n<p class=\"p3\"><strong>Visites des sites de production<\/strong><\/p>\n<p class=\"p3\">Au fil des ans, nous avons d\u00e9velopp\u00e9 des partenariats solides avec nos clients, qui sont pr\u00eats \u00e0 nous ouvrir leurs portes, ainsi qu&rsquo;\u00e0 nos nouveaux partenaires potentiels, afin de voir les machines Brighi fonctionner sur <strong>un site de production r\u00e9el<\/strong>. En outre, au cours de ces visites, il sera possible de voir de premi\u00e8re main les nouveaux produits que vous pouvez traiter avec l&rsquo;\u00e9quipement Brighi et d&rsquo;avoir une discussion avec les experts de l&rsquo;industrie.<\/p>\n<p class=\"p3\"><strong>R\u00e9volutionnez votre emballage <span class=\"Apple-converted-space\">\u00a0 \u00a0 \u00a0<\/span><\/strong><\/p>\n<p class=\"p3\">Lorsqu&rsquo;il s&rsquo;agit d&#8217;emballage, le mot cl\u00e9 est <strong>\u00e9conomie<\/strong> : non seulement des \u00e9conomies sur les sacs en plastique (jusqu&rsquo;\u00e0 90 000 $ par an), mais aussi une r\u00e9duction des co\u00fbts de transport, d&rsquo;entreposage et de main-d&rsquo;\u0153uvre.<\/p>\n<p class=\"p3\">Peu importe le type d&#8217;emballage que vous recherchez (emballage \u00e0 plat, emballage en rouleau, emballage multiple, etc.) et le type de sac que vous souhaitez utiliser: avec nos \u00e9quipements, vous trouverez une solution automatique ou semi-automatique adapt\u00e9e \u00e0 vos besoins. Venez les d\u00e9couvrir sur notre stand !<\/p>\n","protected":false},"excerpt":{"rendered":"<p>2023 est l&rsquo;ann\u00e9e o\u00f9 nous avons d\u00e9cid\u00e9 de miser sur les relations : celles que nous avons avec nos clients et celles que nous voulons \u00e9tablir avec les leaders du march\u00e9 et les cr\u00e9ateurs de tendances. C&rsquo;est \u00e0 partir de ces relations que nos id\u00e9es prennent forme et c&rsquo;est pourquoi, en 2023, nous participerons aux [&hellip;]<\/p>\n","protected":false},"author":1,"featured_media":9470,"comment_status":"closed","ping_status":"closed","sticky":false,"template":"","format":"standard","meta":{"_acf_changed":false,"footnotes":""},"categories":[269],"tags":[],"class_list":["post-9475","post","type-post","status-publish","format-standard","has-post-thumbnail","hentry","category-news-fr"],"acf":[],"yoast_head":"<!-- This site is optimized with the Yoast SEO plugin v24.2 - https:\/\/yoast.com\/wordpress\/plugins\/seo\/ -->\n<title>NOTRE PR\u00c9SENCE DANS LES SALONS INTERNATIONAUX<\/title>\n<meta name=\"description\" content=\"Partons \u00e0 la conqu\u00eate du march\u00e9 : en 2023, nous participerons aux \u00e9v\u00e9nements les plus importants du secteur avec plus de 450 mq de solutions innovantes.\" \/>\n<meta name=\"robots\" content=\"index, follow, max-snippet:-1, max-image-preview:large, max-video-preview:-1\" \/>\n<link rel=\"canonical\" href=\"https:\/\/www.brighigroup.com\/fr\/blog\/2023\/04\/18\/notre-presence-dans-les-salons-internationaux\/\" \/>\n<meta property=\"og:locale\" content=\"fr_FR\" \/>\n<meta property=\"og:type\" content=\"article\" \/>\n<meta property=\"og:title\" content=\"NOTRE PR\u00c9SENCE DANS LES SALONS INTERNATIONAUX\" \/>\n<meta property=\"og:description\" content=\"Partons \u00e0 la conqu\u00eate du march\u00e9 : en 2023, nous participerons aux \u00e9v\u00e9nements les plus importants du secteur avec plus de 450 mq de solutions innovantes.\" \/>\n<meta property=\"og:url\" content=\"https:\/\/www.brighigroup.com\/fr\/blog\/2023\/04\/18\/notre-presence-dans-les-salons-internationaux\/\" \/>\n<meta property=\"og:site_name\" content=\"Brighi Group\" \/>\n<meta property=\"article:published_time\" content=\"2023-04-18T09:05:24+00:00\" \/>\n<meta property=\"article:modified_time\" content=\"2023-04-19T15:08:46+00:00\" \/>\n<meta property=\"og:image\" content=\"https:\/\/www.brighigroup.com\/wp-content\/uploads\/2023\/04\/brighi-group-fair.jpg\" \/>\n\t<meta property=\"og:image:width\" content=\"795\" \/>\n\t<meta property=\"og:image:height\" content=\"585\" \/>\n\t<meta property=\"og:image:type\" content=\"image\/jpeg\" \/>\n<meta name=\"author\" content=\"brighi_admin\" \/>\n<meta name=\"twitter:card\" content=\"summary_large_image\" \/>\n<meta name=\"twitter:label1\" content=\"\u00c9crit par\" \/>\n\t<meta name=\"twitter:data1\" content=\"brighi_admin\" \/>\n\t<meta name=\"twitter:label2\" content=\"Dur\u00e9e de lecture estim\u00e9e\" \/>\n\t<meta name=\"twitter:data2\" content=\"4 minutes\" \/>\n<script type=\"application\/ld+json\" class=\"yoast-schema-graph\">{\"@context\":\"https:\/\/schema.org\",\"@graph\":[{\"@type\":\"WebPage\",\"@id\":\"https:\/\/www.brighigroup.com\/fr\/blog\/2023\/04\/18\/notre-presence-dans-les-salons-internationaux\/\",\"url\":\"https:\/\/www.brighigroup.com\/fr\/blog\/2023\/04\/18\/notre-presence-dans-les-salons-internationaux\/\",\"name\":\"NOTRE PR\u00c9SENCE DANS LES SALONS INTERNATIONAUX\",\"isPartOf\":{\"@id\":\"https:\/\/www.brighigroup.com\/fr\/#website\"},\"primaryImageOfPage\":{\"@id\":\"https:\/\/www.brighigroup.com\/fr\/blog\/2023\/04\/18\/notre-presence-dans-les-salons-internationaux\/#primaryimage\"},\"image\":{\"@id\":\"https:\/\/www.brighigroup.com\/fr\/blog\/2023\/04\/18\/notre-presence-dans-les-salons-internationaux\/#primaryimage\"},\"thumbnailUrl\":\"https:\/\/www.brighigroup.com\/wp-content\/uploads\/2023\/04\/brighi-group-fair.jpg\",\"datePublished\":\"2023-04-18T09:05:24+00:00\",\"dateModified\":\"2023-04-19T15:08:46+00:00\",\"author\":{\"@id\":\"https:\/\/www.brighigroup.com\/fr\/#\/schema\/person\/67894726dcdf65c5613a37e204222a9c\"},\"description\":\"Partons \u00e0 la conqu\u00eate du march\u00e9 : en 2023, nous participerons aux \u00e9v\u00e9nements les plus importants du secteur avec plus de 450 mq de solutions innovantes.\",\"inLanguage\":\"fr-FR\",\"potentialAction\":[{\"@type\":\"ReadAction\",\"target\":[\"https:\/\/www.brighigroup.com\/fr\/blog\/2023\/04\/18\/notre-presence-dans-les-salons-internationaux\/\"]}]},{\"@type\":\"ImageObject\",\"inLanguage\":\"fr-FR\",\"@id\":\"https:\/\/www.brighigroup.com\/fr\/blog\/2023\/04\/18\/notre-presence-dans-les-salons-internationaux\/#primaryimage\",\"url\":\"https:\/\/www.brighigroup.com\/wp-content\/uploads\/2023\/04\/brighi-group-fair.jpg\",\"contentUrl\":\"https:\/\/www.brighigroup.com\/wp-content\/uploads\/2023\/04\/brighi-group-fair.jpg\",\"width\":795,\"height\":585},{\"@type\":\"WebSite\",\"@id\":\"https:\/\/www.brighigroup.com\/fr\/#website\",\"url\":\"https:\/\/www.brighigroup.com\/fr\/\",\"name\":\"Brighi Group\",\"description\":\"Home textile e di prodotti imbottiti per il design d&#039;arredo tramandando l&#039;innovazione come cultura d&#039;impresa.\",\"potentialAction\":[{\"@type\":\"SearchAction\",\"target\":{\"@type\":\"EntryPoint\",\"urlTemplate\":\"https:\/\/www.brighigroup.com\/fr\/?s={search_term_string}\"},\"query-input\":{\"@type\":\"PropertyValueSpecification\",\"valueRequired\":true,\"valueName\":\"search_term_string\"}}],\"inLanguage\":\"fr-FR\"},{\"@type\":\"Person\",\"@id\":\"https:\/\/www.brighigroup.com\/fr\/#\/schema\/person\/67894726dcdf65c5613a37e204222a9c\",\"name\":\"brighi_admin\",\"sameAs\":[\"https:\/\/www.brighigroup.com\"],\"url\":\"https:\/\/www.brighigroup.com\/fr\/blog\/author\/brighi_admin\/\"}]}<\/script>\n<!-- \/ Yoast SEO plugin. -->","yoast_head_json":{"title":"NOTRE PR\u00c9SENCE DANS LES SALONS INTERNATIONAUX","description":"Partons \u00e0 la conqu\u00eate du march\u00e9 : en 2023, nous participerons aux \u00e9v\u00e9nements les plus importants du secteur avec plus de 450 mq de solutions innovantes.","robots":{"index":"index","follow":"follow","max-snippet":"max-snippet:-1","max-image-preview":"max-image-preview:large","max-video-preview":"max-video-preview:-1"},"canonical":"https:\/\/www.brighigroup.com\/fr\/blog\/2023\/04\/18\/notre-presence-dans-les-salons-internationaux\/","og_locale":"fr_FR","og_type":"article","og_title":"NOTRE PR\u00c9SENCE DANS LES SALONS INTERNATIONAUX","og_description":"Partons \u00e0 la conqu\u00eate du march\u00e9 : en 2023, nous participerons aux \u00e9v\u00e9nements les plus importants du secteur avec plus de 450 mq de solutions innovantes.","og_url":"https:\/\/www.brighigroup.com\/fr\/blog\/2023\/04\/18\/notre-presence-dans-les-salons-internationaux\/","og_site_name":"Brighi Group","article_published_time":"2023-04-18T09:05:24+00:00","article_modified_time":"2023-04-19T15:08:46+00:00","og_image":[{"width":795,"height":585,"url":"https:\/\/www.brighigroup.com\/wp-content\/uploads\/2023\/04\/brighi-group-fair.jpg","type":"image\/jpeg"}],"author":"brighi_admin","twitter_card":"summary_large_image","twitter_misc":{"\u00c9crit par":"brighi_admin","Dur\u00e9e de lecture estim\u00e9e":"4 minutes"},"schema":{"@context":"https:\/\/schema.org","@graph":[{"@type":"WebPage","@id":"https:\/\/www.brighigroup.com\/fr\/blog\/2023\/04\/18\/notre-presence-dans-les-salons-internationaux\/","url":"https:\/\/www.brighigroup.com\/fr\/blog\/2023\/04\/18\/notre-presence-dans-les-salons-internationaux\/","name":"NOTRE PR\u00c9SENCE DANS LES SALONS INTERNATIONAUX","isPartOf":{"@id":"https:\/\/www.brighigroup.com\/fr\/#website"},"primaryImageOfPage":{"@id":"https:\/\/www.brighigroup.com\/fr\/blog\/2023\/04\/18\/notre-presence-dans-les-salons-internationaux\/#primaryimage"},"image":{"@id":"https:\/\/www.brighigroup.com\/fr\/blog\/2023\/04\/18\/notre-presence-dans-les-salons-internationaux\/#primaryimage"},"thumbnailUrl":"https:\/\/www.brighigroup.com\/wp-content\/uploads\/2023\/04\/brighi-group-fair.jpg","datePublished":"2023-04-18T09:05:24+00:00","dateModified":"2023-04-19T15:08:46+00:00","author":{"@id":"https:\/\/www.brighigroup.com\/fr\/#\/schema\/person\/67894726dcdf65c5613a37e204222a9c"},"description":"Partons \u00e0 la conqu\u00eate du march\u00e9 : en 2023, nous participerons aux \u00e9v\u00e9nements les plus importants du secteur avec plus de 450 mq de solutions innovantes.","inLanguage":"fr-FR","potentialAction":[{"@type":"ReadAction","target":["https:\/\/www.brighigroup.com\/fr\/blog\/2023\/04\/18\/notre-presence-dans-les-salons-internationaux\/"]}]},{"@type":"ImageObject","inLanguage":"fr-FR","@id":"https:\/\/www.brighigroup.com\/fr\/blog\/2023\/04\/18\/notre-presence-dans-les-salons-internationaux\/#primaryimage","url":"https:\/\/www.brighigroup.com\/wp-content\/uploads\/2023\/04\/brighi-group-fair.jpg","contentUrl":"https:\/\/www.brighigroup.com\/wp-content\/uploads\/2023\/04\/brighi-group-fair.jpg","width":795,"height":585},{"@type":"WebSite","@id":"https:\/\/www.brighigroup.com\/fr\/#website","url":"https:\/\/www.brighigroup.com\/fr\/","name":"Brighi Group","description":"Home textile e di prodotti imbottiti per il design d&#039;arredo tramandando l&#039;innovazione come cultura d&#039;impresa.","potentialAction":[{"@type":"SearchAction","target":{"@type":"EntryPoint","urlTemplate":"https:\/\/www.brighigroup.com\/fr\/?s={search_term_string}"},"query-input":{"@type":"PropertyValueSpecification","valueRequired":true,"valueName":"search_term_string"}}],"inLanguage":"fr-FR"},{"@type":"Person","@id":"https:\/\/www.brighigroup.com\/fr\/#\/schema\/person\/67894726dcdf65c5613a37e204222a9c","name":"brighi_admin","sameAs":["https:\/\/www.brighigroup.com"],"url":"https:\/\/www.brighigroup.com\/fr\/blog\/author\/brighi_admin\/"}]}},"_links":{"self":[{"href":"https:\/\/www.brighigroup.com\/fr\/wp-json\/wp\/v2\/posts\/9475","targetHints":{"allow":["GET"]}}],"collection":[{"href":"https:\/\/www.brighigroup.com\/fr\/wp-json\/wp\/v2\/posts"}],"about":[{"href":"https:\/\/www.brighigroup.com\/fr\/wp-json\/wp\/v2\/types\/post"}],"author":[{"embeddable":true,"href":"https:\/\/www.brighigroup.com\/fr\/wp-json\/wp\/v2\/users\/1"}],"replies":[{"embeddable":true,"href":"https:\/\/www.brighigroup.com\/fr\/wp-json\/wp\/v2\/comments?post=9475"}],"version-history":[{"count":12,"href":"https:\/\/www.brighigroup.com\/fr\/wp-json\/wp\/v2\/posts\/9475\/revisions"}],"predecessor-version":[{"id":9580,"href":"https:\/\/www.brighigroup.com\/fr\/wp-json\/wp\/v2\/posts\/9475\/revisions\/9580"}],"wp:featuredmedia":[{"embeddable":true,"href":"https:\/\/www.brighigroup.com\/fr\/wp-json\/wp\/v2\/media\/9470"}],"wp:attachment":[{"href":"https:\/\/www.brighigroup.com\/fr\/wp-json\/wp\/v2\/media?parent=9475"}],"wp:term":[{"taxonomy":"category","embeddable":true,"href":"https:\/\/www.brighigroup.com\/fr\/wp-json\/wp\/v2\/categories?post=9475"},{"taxonomy":"post_tag","embeddable":true,"href":"https:\/\/www.brighigroup.com\/fr\/wp-json\/wp\/v2\/tags?post=9475"}],"curies":[{"name":"wp","href":"https:\/\/api.w.org\/{rel}","templated":true}]}}