{"id":9479,"date":"2023-04-18T12:45:03","date_gmt":"2023-04-18T10:45:03","guid":{"rendered":"https:\/\/www.brighigroup.com\/2023\/04\/18\/nuestra-presencia-en-ferias-internacionales\/"},"modified":"2023-04-19T17:09:15","modified_gmt":"2023-04-19T15:09:15","slug":"nuestra-presencia-en-ferias-internacionales","status":"publish","type":"post","link":"https:\/\/www.brighigroup.com\/es\/blog\/2023\/04\/18\/nuestra-presencia-en-ferias-internacionales\/","title":{"rendered":"NUESTRA PRESENCIA EN FERIAS INTERNACIONALES"},"content":{"rendered":"<p class=\"p1\">2023 es el a\u00f1o en el que hemos decidido apostar por las relaciones: las que tenemos con nuestros clientes y las que queremos establecer con los l\u00edderes del mercado y los creadores de tendencias. Es a partir de estas relaciones que nuestras ideas toman forma y es por eso que en 2023 estamos participando en los eventos m\u00e1s importantes e internacionales de la industria con un espacio de exposici\u00f3n de m\u00e1s de 450 metros cuadrados.<\/p>\r\n<p class=\"p1\">A continuaci\u00f3n, <strong>INTERZUM<\/strong> en Colonia con m\u00e1s de 130 m2 de espacio lleno de soluciones innovadoras; <strong>ITMA<\/strong> en Mil\u00e1n con 150 m2 de maquinaria espec\u00edfica para textil hogar, embalaje y reciclaje; <strong>FURNITURE MANUFACTURING EXPO<\/strong> en Hickory, NC con innovaci\u00f3n en materias primas y tapicer\u00eda. Por \u00faltimo, a finales de 2023, estaremos en Stuttgart para la <strong>FOAM EXPO<\/strong>, donde junto con nuestros socios qu\u00edmicos mostraremos todas las novedades en el mundo del poliuretano.<\/p>\r\n<p class=\"p3\"><a href=\"https:\/\/www.interzum.com\/en\/interzum-exhibitors\/list-of-exhibitors\/\" target=\"_blank\" rel=\"noopener\"><strong>INTERZUM<\/strong><\/a><\/p>\r\n<p class=\"p1\">Colonia, Alemania\r\n09 &#8211; 12 de mayo\r\nPabell\u00f3n 9.1, stand A-018\/B-019<\/p>\r\n<p class=\"p3\"><a href=\"https:\/\/itma.com\/\" target=\"_blank\" rel=\"noopener\"><strong>ITMA<\/strong><\/a><\/p>\r\n<p class=\"p1\">Mil\u00e1n, Italia\r\n08 &#8211; 14 de junio\r\nPabell\u00f3n 9, stand D101<\/p>\r\n<p class=\"p3\"><a href=\"https:\/\/www.furnituremanufacturingexpo.com\/exhibitors?&amp;azletter=B&amp;searchgroup=00000001-exhibitors\" target=\"_blank\" rel=\"noopener\"><strong>FURNITURE MANUFACTURING EXPO<\/strong><\/a><\/p>\r\n<p class=\"p1\">Hickory, Carolina del Norte, EE.UU.\r\n19 &#8211; 20 de julio\r\nStand 1216<\/p>\r\n<p class=\"p3\"><a href=\"https:\/\/www.foam-expo-europe.com\/exhibitor-list\/\" target=\"_blank\" rel=\"noopener\"><strong>FOAM EXPO<\/strong><\/a><\/p>\r\n<p class=\"p1\">Stuttgart, Alemania\r\n05 &#8211; 07 Diciembre\r\nStand 540<\/p>\r\n\r\n<h3><strong>ESTO ES LO QUE ENCONTRAR\u00c1 EN NUESTROS STANDS<\/strong><\/h3>\r\n<p class=\"p1\"><strong>Haga su mezcla<\/strong><\/p>\r\n<p class=\"p1\">El tratamiento del material de relleno es un elemento clave para asegurar los mejores resultados y garantizar un <strong>resultado de alta calidad<\/strong>: resistencia y suavidad al mismo tiempo. Nuestros jefes de proyecto le guiar\u00e1n en la elecci\u00f3n de los materiales y las mezclas, que dejar\u00e1n de ser un problema al ser <strong>gestionados autom\u00e1ticamente por nuestro software<\/strong>. Gracias a nuestra tecnolog\u00eda, las mezclas y los productos finales ser\u00e1n por fin homog\u00e9neos.<\/p>\r\n<p class=\"p1\"><strong>Personalice su espuma<\/strong><\/p>\r\n<p class=\"p1\">M\u00e1quina de espuma y conocimientos qu\u00edmicos: esto es lo que necesita para fabricar bloques de espuma y nuestra divisi\u00f3n de espuma puede proporcionarle ambas cosas. <a href=\"https:\/\/www.brighigroup.com\/es\/machine\/fp-400\/\" target=\"_blank\" rel=\"noopener\">Adem\u00e1s de nuestra l\u00ednea de producci\u00f3n de bloques por lotes y nuestros especialistas en productos<\/a>, nuestra asociaci\u00f3n con <strong>expertos de la industria de la espuma<\/strong> es lo que hace de la nuestra una oferta completa para conseguir la densidad que desea.<\/p>\r\n<p class=\"p1\">Y si busca diferenciar su producto, puede informarse sobre las ventajas de la <strong>espuma de base biol\u00f3gica<\/strong> en nuestro nuevo blog, <a href=\"https:\/\/www.brighigroup.com\/es\/b-right-home-textile-highlights-es\/\" target=\"_blank\" rel=\"noopener\">B-right<\/a>.<\/p>\r\n<p class=\"p1\"><strong>Reducir, reutilizar, reciclar<\/strong><\/p>\r\n<p class=\"p1\">Descubra nuestras soluciones de reciclaje, dise\u00f1adas para desarrollar una econom\u00eda circular transformando residuos como restos de espuma y guata en una nueva <strong>materia prima secundaria<\/strong> utilizada para rellenar cojines, sillones, sof\u00e1s, colchones y otros art\u00edculos tapizados. Esto tambi\u00e9n conlleva una reducci\u00f3n significativa del uso de materias primas, ya que solo se utiliza un porcentaje m\u00ednimo en las mezclas. Tambi\u00e9n es posible producir <strong>espuma refundida<\/strong> a partir de restos de producci\u00f3n para colchones, sof\u00e1s y otras aplicaciones.<\/p>\r\n<p class=\"p1\"><strong>Replantee su proceso<\/strong><\/p>\r\n<p class=\"p1\">Nuestros gestores de proyectos trabajan cada d\u00eda con clientes de 60 pa\u00edses diferentes. Con los conocimientos acumulados en m\u00e1s de 50 a\u00f1os de experiencia, son capaces de <strong>estudiar en profundidad cada uno de los procesos<\/strong>, desde la manipulaci\u00f3n de la materia prima hasta el embalaje, para idear una <strong>soluci\u00f3n personalizada<\/strong> que aumente significativamente la productividad y la eficiencia. Esto tambi\u00e9n significa una l\u00ednea completa suministrada por un <strong>\u00fanico fabricante<\/strong> con todas las ventajas que de ello se derivan, como disponer de un \u00absistema abierto\u00bb, con la posibilidad de implantarlo paso a paso a lo largo del tiempo.<\/p>\r\n<p class=\"p2\"><strong>Visitas a los centros de producci\u00f3n<\/strong><\/p>\r\n<p class=\"p1\">A lo largo de los a\u00f1os hemos desarrollado s\u00f3lidas colaboraciones con nuestros clientes, que est\u00e1n dispuestos a abrirnos sus puertas a nosotros y a nuestros posibles nuevos socios para ver las m\u00e1quinas Brighi en funcionamiento <strong>en un centro de producci\u00f3n real<\/strong>. Adem\u00e1s, durante estas visitas ser\u00e1 posible ver de primera mano los nuevos productos que se pueden procesar con los equipos Brighi y mantener una conversaci\u00f3n con expertos del sector.<\/p>\r\n<p class=\"p1\"><strong>Revolucione su envasado <span class=\"Apple-converted-space\">\u00a0 \u00a0 \u00a0<\/span><\/strong><\/p>\r\n<p class=\"p1\">Cuando se trata de envases, <strong>ahorro<\/strong> es la palabra clave: no s\u00f3lo ahorro de costes en bolsas de pl\u00e1stico (hasta 90.000,00 $ al a\u00f1o), sino tambi\u00e9n reducci\u00f3n de costes de transporte, almac\u00e9n y mano de obra.<\/p>\r\n<p class=\"p1\">No importa qu\u00e9 tipo de envasado est\u00e9 buscando (envasado plano, envasado en rollo, envasado m\u00faltiple, etc.) ni qu\u00e9 tipo de bolsa desee utilizar: con nuestros equipos podr\u00e1 encontrar una soluci\u00f3n autom\u00e1tica o semiautom\u00e1tica que se adapte a sus necesidades. \u00a1Venga a descubrirlas todas en nuestro stand!<\/p>","protected":false},"excerpt":{"rendered":"<p>2023 es el a\u00f1o en el que hemos decidido apostar por las relaciones: las que tenemos con nuestros clientes y las que queremos establecer con los l\u00edderes del mercado y los creadores de tendencias. Es a partir de estas relaciones que nuestras ideas toman forma y es por eso que en 2023 estamos participando en [&hellip;]<\/p>\n","protected":false},"author":1,"featured_media":9472,"comment_status":"closed","ping_status":"closed","sticky":false,"template":"","format":"standard","meta":{"_acf_changed":false,"footnotes":""},"categories":[271],"tags":[],"class_list":["post-9479","post","type-post","status-publish","format-standard","has-post-thumbnail","hentry","category-news-es"],"acf":[],"yoast_head":"<!-- This site is optimized with the Yoast SEO plugin v24.2 - https:\/\/yoast.com\/wordpress\/plugins\/seo\/ -->\n<title>NUESTRA PRESENCIA EN FERIAS INTERNACIONALES<\/title>\n<meta name=\"description\" content=\"Salgamos a conquistar el mercado: en 2023 participaremos en los eventos m\u00e1s importantes del sector con m\u00e1s de 450 metros cuadrados de soluciones innovadoras.\" \/>\n<meta name=\"robots\" content=\"index, follow, max-snippet:-1, max-image-preview:large, max-video-preview:-1\" \/>\n<link rel=\"canonical\" href=\"https:\/\/www.brighigroup.com\/es\/blog\/2023\/04\/18\/nuestra-presencia-en-ferias-internacionales\/\" \/>\n<meta property=\"og:locale\" content=\"es_ES\" \/>\n<meta property=\"og:type\" content=\"article\" \/>\n<meta property=\"og:title\" content=\"NUESTRA PRESENCIA EN FERIAS INTERNACIONALES\" \/>\n<meta property=\"og:description\" content=\"Salgamos a conquistar el mercado: en 2023 participaremos en los eventos m\u00e1s importantes del sector con m\u00e1s de 450 metros cuadrados de soluciones innovadoras.\" \/>\n<meta property=\"og:url\" content=\"https:\/\/www.brighigroup.com\/es\/blog\/2023\/04\/18\/nuestra-presencia-en-ferias-internacionales\/\" \/>\n<meta property=\"og:site_name\" content=\"Brighi Group\" \/>\n<meta property=\"article:published_time\" content=\"2023-04-18T10:45:03+00:00\" \/>\n<meta property=\"article:modified_time\" content=\"2023-04-19T15:09:15+00:00\" \/>\n<meta property=\"og:image\" content=\"https:\/\/www.brighigroup.com\/wp-content\/uploads\/2023\/04\/brighi-group-fair.jpg\" \/>\n\t<meta property=\"og:image:width\" content=\"795\" \/>\n\t<meta property=\"og:image:height\" content=\"585\" \/>\n\t<meta property=\"og:image:type\" content=\"image\/jpeg\" \/>\n<meta name=\"author\" content=\"brighi_admin\" \/>\n<meta name=\"twitter:card\" content=\"summary_large_image\" \/>\n<meta name=\"twitter:label1\" content=\"Escrito por\" \/>\n\t<meta name=\"twitter:data1\" content=\"brighi_admin\" \/>\n\t<meta name=\"twitter:label2\" content=\"Tiempo de lectura\" \/>\n\t<meta name=\"twitter:data2\" content=\"4 minutos\" \/>\n<script type=\"application\/ld+json\" class=\"yoast-schema-graph\">{\"@context\":\"https:\/\/schema.org\",\"@graph\":[{\"@type\":\"WebPage\",\"@id\":\"https:\/\/www.brighigroup.com\/es\/blog\/2023\/04\/18\/nuestra-presencia-en-ferias-internacionales\/\",\"url\":\"https:\/\/www.brighigroup.com\/es\/blog\/2023\/04\/18\/nuestra-presencia-en-ferias-internacionales\/\",\"name\":\"NUESTRA PRESENCIA EN FERIAS INTERNACIONALES\",\"isPartOf\":{\"@id\":\"https:\/\/www.brighigroup.com\/es\/#website\"},\"primaryImageOfPage\":{\"@id\":\"https:\/\/www.brighigroup.com\/es\/blog\/2023\/04\/18\/nuestra-presencia-en-ferias-internacionales\/#primaryimage\"},\"image\":{\"@id\":\"https:\/\/www.brighigroup.com\/es\/blog\/2023\/04\/18\/nuestra-presencia-en-ferias-internacionales\/#primaryimage\"},\"thumbnailUrl\":\"https:\/\/www.brighigroup.com\/wp-content\/uploads\/2023\/04\/brighi-group-fair.jpg\",\"datePublished\":\"2023-04-18T10:45:03+00:00\",\"dateModified\":\"2023-04-19T15:09:15+00:00\",\"author\":{\"@id\":\"https:\/\/www.brighigroup.com\/es\/#\/schema\/person\/67894726dcdf65c5613a37e204222a9c\"},\"description\":\"Salgamos a conquistar el mercado: en 2023 participaremos en los eventos m\u00e1s importantes del sector con m\u00e1s de 450 metros cuadrados de soluciones innovadoras.\",\"inLanguage\":\"es\",\"potentialAction\":[{\"@type\":\"ReadAction\",\"target\":[\"https:\/\/www.brighigroup.com\/es\/blog\/2023\/04\/18\/nuestra-presencia-en-ferias-internacionales\/\"]}]},{\"@type\":\"ImageObject\",\"inLanguage\":\"es\",\"@id\":\"https:\/\/www.brighigroup.com\/es\/blog\/2023\/04\/18\/nuestra-presencia-en-ferias-internacionales\/#primaryimage\",\"url\":\"https:\/\/www.brighigroup.com\/wp-content\/uploads\/2023\/04\/brighi-group-fair.jpg\",\"contentUrl\":\"https:\/\/www.brighigroup.com\/wp-content\/uploads\/2023\/04\/brighi-group-fair.jpg\",\"width\":795,\"height\":585},{\"@type\":\"WebSite\",\"@id\":\"https:\/\/www.brighigroup.com\/es\/#website\",\"url\":\"https:\/\/www.brighigroup.com\/es\/\",\"name\":\"Brighi Group\",\"description\":\"Home textile e di prodotti imbottiti per il design d&#039;arredo tramandando l&#039;innovazione come cultura d&#039;impresa.\",\"potentialAction\":[{\"@type\":\"SearchAction\",\"target\":{\"@type\":\"EntryPoint\",\"urlTemplate\":\"https:\/\/www.brighigroup.com\/es\/?s={search_term_string}\"},\"query-input\":{\"@type\":\"PropertyValueSpecification\",\"valueRequired\":true,\"valueName\":\"search_term_string\"}}],\"inLanguage\":\"es\"},{\"@type\":\"Person\",\"@id\":\"https:\/\/www.brighigroup.com\/es\/#\/schema\/person\/67894726dcdf65c5613a37e204222a9c\",\"name\":\"brighi_admin\",\"sameAs\":[\"https:\/\/www.brighigroup.com\"],\"url\":\"https:\/\/www.brighigroup.com\/es\/blog\/author\/brighi_admin\/\"}]}<\/script>\n<!-- \/ Yoast SEO plugin. -->","yoast_head_json":{"title":"NUESTRA PRESENCIA EN FERIAS INTERNACIONALES","description":"Salgamos a conquistar el mercado: en 2023 participaremos en los eventos m\u00e1s importantes del sector con m\u00e1s de 450 metros cuadrados de soluciones innovadoras.","robots":{"index":"index","follow":"follow","max-snippet":"max-snippet:-1","max-image-preview":"max-image-preview:large","max-video-preview":"max-video-preview:-1"},"canonical":"https:\/\/www.brighigroup.com\/es\/blog\/2023\/04\/18\/nuestra-presencia-en-ferias-internacionales\/","og_locale":"es_ES","og_type":"article","og_title":"NUESTRA PRESENCIA EN FERIAS INTERNACIONALES","og_description":"Salgamos a conquistar el mercado: en 2023 participaremos en los eventos m\u00e1s importantes del sector con m\u00e1s de 450 metros cuadrados de soluciones innovadoras.","og_url":"https:\/\/www.brighigroup.com\/es\/blog\/2023\/04\/18\/nuestra-presencia-en-ferias-internacionales\/","og_site_name":"Brighi Group","article_published_time":"2023-04-18T10:45:03+00:00","article_modified_time":"2023-04-19T15:09:15+00:00","og_image":[{"width":795,"height":585,"url":"https:\/\/www.brighigroup.com\/wp-content\/uploads\/2023\/04\/brighi-group-fair.jpg","type":"image\/jpeg"}],"author":"brighi_admin","twitter_card":"summary_large_image","twitter_misc":{"Escrito por":"brighi_admin","Tiempo de lectura":"4 minutos"},"schema":{"@context":"https:\/\/schema.org","@graph":[{"@type":"WebPage","@id":"https:\/\/www.brighigroup.com\/es\/blog\/2023\/04\/18\/nuestra-presencia-en-ferias-internacionales\/","url":"https:\/\/www.brighigroup.com\/es\/blog\/2023\/04\/18\/nuestra-presencia-en-ferias-internacionales\/","name":"NUESTRA PRESENCIA EN FERIAS INTERNACIONALES","isPartOf":{"@id":"https:\/\/www.brighigroup.com\/es\/#website"},"primaryImageOfPage":{"@id":"https:\/\/www.brighigroup.com\/es\/blog\/2023\/04\/18\/nuestra-presencia-en-ferias-internacionales\/#primaryimage"},"image":{"@id":"https:\/\/www.brighigroup.com\/es\/blog\/2023\/04\/18\/nuestra-presencia-en-ferias-internacionales\/#primaryimage"},"thumbnailUrl":"https:\/\/www.brighigroup.com\/wp-content\/uploads\/2023\/04\/brighi-group-fair.jpg","datePublished":"2023-04-18T10:45:03+00:00","dateModified":"2023-04-19T15:09:15+00:00","author":{"@id":"https:\/\/www.brighigroup.com\/es\/#\/schema\/person\/67894726dcdf65c5613a37e204222a9c"},"description":"Salgamos a conquistar el mercado: en 2023 participaremos en los eventos m\u00e1s importantes del sector con m\u00e1s de 450 metros cuadrados de soluciones innovadoras.","inLanguage":"es","potentialAction":[{"@type":"ReadAction","target":["https:\/\/www.brighigroup.com\/es\/blog\/2023\/04\/18\/nuestra-presencia-en-ferias-internacionales\/"]}]},{"@type":"ImageObject","inLanguage":"es","@id":"https:\/\/www.brighigroup.com\/es\/blog\/2023\/04\/18\/nuestra-presencia-en-ferias-internacionales\/#primaryimage","url":"https:\/\/www.brighigroup.com\/wp-content\/uploads\/2023\/04\/brighi-group-fair.jpg","contentUrl":"https:\/\/www.brighigroup.com\/wp-content\/uploads\/2023\/04\/brighi-group-fair.jpg","width":795,"height":585},{"@type":"WebSite","@id":"https:\/\/www.brighigroup.com\/es\/#website","url":"https:\/\/www.brighigroup.com\/es\/","name":"Brighi Group","description":"Home textile e di prodotti imbottiti per il design d&#039;arredo tramandando l&#039;innovazione come cultura d&#039;impresa.","potentialAction":[{"@type":"SearchAction","target":{"@type":"EntryPoint","urlTemplate":"https:\/\/www.brighigroup.com\/es\/?s={search_term_string}"},"query-input":{"@type":"PropertyValueSpecification","valueRequired":true,"valueName":"search_term_string"}}],"inLanguage":"es"},{"@type":"Person","@id":"https:\/\/www.brighigroup.com\/es\/#\/schema\/person\/67894726dcdf65c5613a37e204222a9c","name":"brighi_admin","sameAs":["https:\/\/www.brighigroup.com"],"url":"https:\/\/www.brighigroup.com\/es\/blog\/author\/brighi_admin\/"}]}},"_links":{"self":[{"href":"https:\/\/www.brighigroup.com\/es\/wp-json\/wp\/v2\/posts\/9479","targetHints":{"allow":["GET"]}}],"collection":[{"href":"https:\/\/www.brighigroup.com\/es\/wp-json\/wp\/v2\/posts"}],"about":[{"href":"https:\/\/www.brighigroup.com\/es\/wp-json\/wp\/v2\/types\/post"}],"author":[{"embeddable":true,"href":"https:\/\/www.brighigroup.com\/es\/wp-json\/wp\/v2\/users\/1"}],"replies":[{"embeddable":true,"href":"https:\/\/www.brighigroup.com\/es\/wp-json\/wp\/v2\/comments?post=9479"}],"version-history":[{"count":11,"href":"https:\/\/www.brighigroup.com\/es\/wp-json\/wp\/v2\/posts\/9479\/revisions"}],"predecessor-version":[{"id":9582,"href":"https:\/\/www.brighigroup.com\/es\/wp-json\/wp\/v2\/posts\/9479\/revisions\/9582"}],"wp:featuredmedia":[{"embeddable":true,"href":"https:\/\/www.brighigroup.com\/es\/wp-json\/wp\/v2\/media\/9472"}],"wp:attachment":[{"href":"https:\/\/www.brighigroup.com\/es\/wp-json\/wp\/v2\/media?parent=9479"}],"wp:term":[{"taxonomy":"category","embeddable":true,"href":"https:\/\/www.brighigroup.com\/es\/wp-json\/wp\/v2\/categories?post=9479"},{"taxonomy":"post_tag","embeddable":true,"href":"https:\/\/www.brighigroup.com\/es\/wp-json\/wp\/v2\/tags?post=9479"}],"curies":[{"name":"wp","href":"https:\/\/api.w.org\/{rel}","templated":true}]}}