{"id":12855,"date":"2025-01-08T16:49:20","date_gmt":"2025-01-08T15:49:20","guid":{"rendered":"https:\/\/www.brighigroup.com\/heimtextil\/"},"modified":"2025-01-27T11:37:34","modified_gmt":"2025-01-27T10:37:34","slug":"heimtextil","status":"publish","type":"post","link":"https:\/\/www.brighigroup.com\/es\/blog\/2025\/01\/08\/heimtextil\/","title":{"rendered":"HEIMTEXTIL"},"content":{"rendered":"<p><strong>Heimtextil | <\/strong>Fr\u00e1ncfort, 14-17 de enero, 2025<\/p><p><p style=\"text-align: justify;\">Comienza el a\u00f1o con el pie derecho e inf\u00f3rmate sobre <strong>todas las tendencias en el mundo de los textiles<\/strong> para la temporada que viene asistiendo a Heimtextil. No pierdas la oportunidad de interactuar con destacados expositores de m\u00e1s de 60 pa\u00edses de todo el mundo. Aqu\u00ed podr\u00e1s alcanzar todos tus objetivos: hacer nuevos contactos, expandir tu negocio y descubrir las \u00faltimas tendencias en textiles para el hogar.<\/p><\/p><p>\u00bfQu\u00e9 es Heimtextil?<\/p><p><p style=\"text-align: justify;\">Heimtextil es <strong>el evento global l\u00edder en la industria de los textiles de interior y sus tendencias. <\/strong>Marcando el tono de la pr\u00f3xima temporada, exhibe nuevos productos e innovaciones que inspiran tanto a expositores como a visitantes profesionales de todo el mundo. En los \u00faltimos a\u00f1os, la feria ha atra\u00eddo a m\u00e1s de 46,000 visitantes, consolid\u00e1ndose como <strong>el escenario ideal para<\/strong> que <strong>los profesionales de los textiles para el hogar<\/strong> hagan contactos y presenten avances en el procesamiento de fibras y tejidos, producci\u00f3n de alfombras y moquetas, as\u00ed como en ropa de cama y decoraci\u00f3n.<\/p><\/p><p>\u00bfQu\u00e9 encontrar\u00e1s en nuestro stand?<\/p><p><p style=\"text-align: justify;\">Cruce la primera fila y det\u00e9ngase en nuestro <strong>stand E20 <\/strong>para conocer a nuestros expertos, que este a\u00f1o lo recibir\u00e1n en un espacio m\u00e1s amplio y enriquecido donde podr\u00e1 explorar las \u00faltimas innovaciones en tecnolog\u00eda textil para el hogar. Desde el procesamiento de materias primas hasta la costura, pasando por el llenado y el embalaje, tambi\u00e9n presentaremos nuevas soluciones para diferentes productos, siendo los alfombras los primeros en nuestra lista.<\/p><\/p>","protected":false},"excerpt":{"rendered":"<p>Heimtextil | Fr\u00e1ncfort, 14-17 de enero, 2025 Comienza el a\u00f1o con el pie derecho e inf\u00f3rmate sobre todas las tendencias en el mundo de los textiles para la temporada que viene asistiendo a Heimtextil. No pierdas la oportunidad de interactuar con destacados expositores de m\u00e1s de 60 pa\u00edses de todo el mundo. Aqu\u00ed podr\u00e1s alcanzar [&hellip;]<\/p>\n","protected":false},"author":11,"featured_media":12826,"comment_status":"closed","ping_status":"closed","sticky":false,"template":"","format":"standard","meta":{"_acf_changed":false,"footnotes":""},"categories":[283],"tags":[],"class_list":["post-12855","post","type-post","status-publish","format-standard","has-post-thumbnail","hentry","category-exposiciones"],"acf":[],"yoast_head":"<!-- This site is optimized with the Yoast SEO plugin v24.2 - https:\/\/yoast.com\/wordpress\/plugins\/seo\/ -->\n<title>HEIMTEXTIL - Brighi Group<\/title>\n<meta name=\"description\" content=\"Estaremos presentes en Heimtextil, el evento global de referencia para la industria de los tejidos para interiores y el dise\u00f1o.\" \/>\n<meta name=\"robots\" content=\"index, follow, max-snippet:-1, max-image-preview:large, max-video-preview:-1\" \/>\n<link rel=\"canonical\" href=\"https:\/\/www.brighigroup.com\/es\/blog\/2025\/01\/08\/heimtextil\/\" \/>\n<meta property=\"og:locale\" content=\"es_ES\" \/>\n<meta property=\"og:type\" content=\"article\" \/>\n<meta property=\"og:title\" content=\"HEIMTEXTIL - Brighi Group\" \/>\n<meta property=\"og:description\" content=\"Estaremos presentes en Heimtextil, el evento global de referencia para la industria de los tejidos para interiores y el dise\u00f1o.\" \/>\n<meta property=\"og:url\" content=\"https:\/\/www.brighigroup.com\/es\/blog\/2025\/01\/08\/heimtextil\/\" \/>\n<meta property=\"og:site_name\" content=\"Brighi Group\" \/>\n<meta property=\"article:published_time\" content=\"2025-01-08T15:49:20+00:00\" \/>\n<meta property=\"article:modified_time\" content=\"2025-01-27T10:37:34+00:00\" \/>\n<meta property=\"og:image\" content=\"https:\/\/www.brighigroup.com\/wp-content\/uploads\/2025\/01\/Progetto-senza-titolo-2.png\" \/>\n\t<meta property=\"og:image:width\" content=\"774\" \/>\n\t<meta property=\"og:image:height\" content=\"774\" \/>\n\t<meta property=\"og:image:type\" content=\"image\/png\" \/>\n<meta name=\"author\" content=\"admin_brighi\" \/>\n<meta name=\"twitter:card\" content=\"summary_large_image\" \/>\n<meta name=\"twitter:label1\" content=\"Escrito por\" \/>\n\t<meta name=\"twitter:data1\" content=\"admin_brighi\" \/>\n\t<meta name=\"twitter:label2\" content=\"Tiempo de lectura\" \/>\n\t<meta name=\"twitter:data2\" content=\"1 minuto\" \/>\n<script type=\"application\/ld+json\" class=\"yoast-schema-graph\">{\"@context\":\"https:\/\/schema.org\",\"@graph\":[{\"@type\":\"WebPage\",\"@id\":\"https:\/\/www.brighigroup.com\/es\/blog\/2025\/01\/08\/heimtextil\/\",\"url\":\"https:\/\/www.brighigroup.com\/es\/blog\/2025\/01\/08\/heimtextil\/\",\"name\":\"HEIMTEXTIL - Brighi Group\",\"isPartOf\":{\"@id\":\"https:\/\/www.brighigroup.com\/es\/#website\"},\"primaryImageOfPage\":{\"@id\":\"https:\/\/www.brighigroup.com\/es\/blog\/2025\/01\/08\/heimtextil\/#primaryimage\"},\"image\":{\"@id\":\"https:\/\/www.brighigroup.com\/es\/blog\/2025\/01\/08\/heimtextil\/#primaryimage\"},\"thumbnailUrl\":\"https:\/\/www.brighigroup.com\/wp-content\/uploads\/2025\/01\/Progetto-senza-titolo-2.png\",\"datePublished\":\"2025-01-08T15:49:20+00:00\",\"dateModified\":\"2025-01-27T10:37:34+00:00\",\"author\":{\"@id\":\"https:\/\/www.brighigroup.com\/es\/#\/schema\/person\/544d66d8ebc12a39dc460f54551ad796\"},\"description\":\"Estaremos presentes en Heimtextil, el evento global de referencia para la industria de los tejidos para interiores y el dise\u00f1o.\",\"inLanguage\":\"es\",\"potentialAction\":[{\"@type\":\"ReadAction\",\"target\":[\"https:\/\/www.brighigroup.com\/es\/blog\/2025\/01\/08\/heimtextil\/\"]}]},{\"@type\":\"ImageObject\",\"inLanguage\":\"es\",\"@id\":\"https:\/\/www.brighigroup.com\/es\/blog\/2025\/01\/08\/heimtextil\/#primaryimage\",\"url\":\"https:\/\/www.brighigroup.com\/wp-content\/uploads\/2025\/01\/Progetto-senza-titolo-2.png\",\"contentUrl\":\"https:\/\/www.brighigroup.com\/wp-content\/uploads\/2025\/01\/Progetto-senza-titolo-2.png\",\"width\":774,\"height\":774},{\"@type\":\"WebSite\",\"@id\":\"https:\/\/www.brighigroup.com\/es\/#website\",\"url\":\"https:\/\/www.brighigroup.com\/es\/\",\"name\":\"Brighi Group\",\"description\":\"Home textile e di prodotti imbottiti per il design d&#039;arredo tramandando l&#039;innovazione come cultura d&#039;impresa.\",\"potentialAction\":[{\"@type\":\"SearchAction\",\"target\":{\"@type\":\"EntryPoint\",\"urlTemplate\":\"https:\/\/www.brighigroup.com\/es\/?s={search_term_string}\"},\"query-input\":{\"@type\":\"PropertyValueSpecification\",\"valueRequired\":true,\"valueName\":\"search_term_string\"}}],\"inLanguage\":\"es\"},{\"@type\":\"Person\",\"@id\":\"https:\/\/www.brighigroup.com\/es\/#\/schema\/person\/544d66d8ebc12a39dc460f54551ad796\",\"name\":\"admin_brighi\",\"url\":\"https:\/\/www.brighigroup.com\/es\/blog\/author\/admin_brighi\/\"}]}<\/script>\n<!-- \/ Yoast SEO plugin. -->","yoast_head_json":{"title":"HEIMTEXTIL - Brighi Group","description":"Estaremos presentes en Heimtextil, el evento global de referencia para la industria de los tejidos para interiores y el dise\u00f1o.","robots":{"index":"index","follow":"follow","max-snippet":"max-snippet:-1","max-image-preview":"max-image-preview:large","max-video-preview":"max-video-preview:-1"},"canonical":"https:\/\/www.brighigroup.com\/es\/blog\/2025\/01\/08\/heimtextil\/","og_locale":"es_ES","og_type":"article","og_title":"HEIMTEXTIL - Brighi Group","og_description":"Estaremos presentes en Heimtextil, el evento global de referencia para la industria de los tejidos para interiores y el dise\u00f1o.","og_url":"https:\/\/www.brighigroup.com\/es\/blog\/2025\/01\/08\/heimtextil\/","og_site_name":"Brighi Group","article_published_time":"2025-01-08T15:49:20+00:00","article_modified_time":"2025-01-27T10:37:34+00:00","og_image":[{"width":774,"height":774,"url":"https:\/\/www.brighigroup.com\/wp-content\/uploads\/2025\/01\/Progetto-senza-titolo-2.png","type":"image\/png"}],"author":"admin_brighi","twitter_card":"summary_large_image","twitter_misc":{"Escrito por":"admin_brighi","Tiempo de lectura":"1 minuto"},"schema":{"@context":"https:\/\/schema.org","@graph":[{"@type":"WebPage","@id":"https:\/\/www.brighigroup.com\/es\/blog\/2025\/01\/08\/heimtextil\/","url":"https:\/\/www.brighigroup.com\/es\/blog\/2025\/01\/08\/heimtextil\/","name":"HEIMTEXTIL - Brighi Group","isPartOf":{"@id":"https:\/\/www.brighigroup.com\/es\/#website"},"primaryImageOfPage":{"@id":"https:\/\/www.brighigroup.com\/es\/blog\/2025\/01\/08\/heimtextil\/#primaryimage"},"image":{"@id":"https:\/\/www.brighigroup.com\/es\/blog\/2025\/01\/08\/heimtextil\/#primaryimage"},"thumbnailUrl":"https:\/\/www.brighigroup.com\/wp-content\/uploads\/2025\/01\/Progetto-senza-titolo-2.png","datePublished":"2025-01-08T15:49:20+00:00","dateModified":"2025-01-27T10:37:34+00:00","author":{"@id":"https:\/\/www.brighigroup.com\/es\/#\/schema\/person\/544d66d8ebc12a39dc460f54551ad796"},"description":"Estaremos presentes en Heimtextil, el evento global de referencia para la industria de los tejidos para interiores y el dise\u00f1o.","inLanguage":"es","potentialAction":[{"@type":"ReadAction","target":["https:\/\/www.brighigroup.com\/es\/blog\/2025\/01\/08\/heimtextil\/"]}]},{"@type":"ImageObject","inLanguage":"es","@id":"https:\/\/www.brighigroup.com\/es\/blog\/2025\/01\/08\/heimtextil\/#primaryimage","url":"https:\/\/www.brighigroup.com\/wp-content\/uploads\/2025\/01\/Progetto-senza-titolo-2.png","contentUrl":"https:\/\/www.brighigroup.com\/wp-content\/uploads\/2025\/01\/Progetto-senza-titolo-2.png","width":774,"height":774},{"@type":"WebSite","@id":"https:\/\/www.brighigroup.com\/es\/#website","url":"https:\/\/www.brighigroup.com\/es\/","name":"Brighi Group","description":"Home textile e di prodotti imbottiti per il design d&#039;arredo tramandando l&#039;innovazione come cultura d&#039;impresa.","potentialAction":[{"@type":"SearchAction","target":{"@type":"EntryPoint","urlTemplate":"https:\/\/www.brighigroup.com\/es\/?s={search_term_string}"},"query-input":{"@type":"PropertyValueSpecification","valueRequired":true,"valueName":"search_term_string"}}],"inLanguage":"es"},{"@type":"Person","@id":"https:\/\/www.brighigroup.com\/es\/#\/schema\/person\/544d66d8ebc12a39dc460f54551ad796","name":"admin_brighi","url":"https:\/\/www.brighigroup.com\/es\/blog\/author\/admin_brighi\/"}]}},"_links":{"self":[{"href":"https:\/\/www.brighigroup.com\/es\/wp-json\/wp\/v2\/posts\/12855","targetHints":{"allow":["GET"]}}],"collection":[{"href":"https:\/\/www.brighigroup.com\/es\/wp-json\/wp\/v2\/posts"}],"about":[{"href":"https:\/\/www.brighigroup.com\/es\/wp-json\/wp\/v2\/types\/post"}],"author":[{"embeddable":true,"href":"https:\/\/www.brighigroup.com\/es\/wp-json\/wp\/v2\/users\/11"}],"replies":[{"embeddable":true,"href":"https:\/\/www.brighigroup.com\/es\/wp-json\/wp\/v2\/comments?post=12855"}],"version-history":[{"count":3,"href":"https:\/\/www.brighigroup.com\/es\/wp-json\/wp\/v2\/posts\/12855\/revisions"}],"predecessor-version":[{"id":12868,"href":"https:\/\/www.brighigroup.com\/es\/wp-json\/wp\/v2\/posts\/12855\/revisions\/12868"}],"wp:featuredmedia":[{"embeddable":true,"href":"https:\/\/www.brighigroup.com\/es\/wp-json\/wp\/v2\/media\/12826"}],"wp:attachment":[{"href":"https:\/\/www.brighigroup.com\/es\/wp-json\/wp\/v2\/media?parent=12855"}],"wp:term":[{"taxonomy":"category","embeddable":true,"href":"https:\/\/www.brighigroup.com\/es\/wp-json\/wp\/v2\/categories?post=12855"},{"taxonomy":"post_tag","embeddable":true,"href":"https:\/\/www.brighigroup.com\/es\/wp-json\/wp\/v2\/tags?post=12855"}],"curies":[{"name":"wp","href":"https:\/\/api.w.org\/{rel}","templated":true}]}}