{"id":11999,"date":"2024-06-17T11:36:13","date_gmt":"2024-06-17T09:36:13","guid":{"rendered":"https:\/\/www.brighigroup.com\/del-diseno-a-la-proteccion-la-importancia-del-embalaje-moderno\/"},"modified":"2024-06-17T11:38:34","modified_gmt":"2024-06-17T09:38:34","slug":"del-diseno-a-la-proteccion-la-importancia-del-embalaje-moderno","status":"publish","type":"post","link":"https:\/\/www.brighigroup.com\/es\/blog\/2024\/06\/17\/del-diseno-a-la-proteccion-la-importancia-del-embalaje-moderno\/","title":{"rendered":"DEL DISE\u00d1O A LA PROTECCI\u00d3N: LA IMPORTANCIA DEL EMBALAJE MODERNO"},"content":{"rendered":"\t\t<div data-elementor-type=\"wp-post\" data-elementor-id=\"11999\" class=\"elementor elementor-11999 elementor-11936\" data-elementor-post-type=\"post\">\n\t\t\t\t\t\t<section class=\"elementor-section elementor-top-section elementor-element elementor-element-183ced23 elementor-section-boxed elementor-section-height-default elementor-section-height-default\" data-id=\"183ced23\" data-element_type=\"section\">\n\t\t\t\t\t\t<div class=\"elementor-container elementor-column-gap-default\">\n\t\t\t\t\t<div class=\"elementor-column elementor-col-100 elementor-top-column elementor-element elementor-element-763a7e01\" data-id=\"763a7e01\" data-element_type=\"column\">\n\t\t\t<div class=\"elementor-widget-wrap elementor-element-populated\">\n\t\t\t\t\t\t<div class=\"elementor-element elementor-element-2ec36685 elementor-widget__width-auto elementor-widget elementor-widget-image\" data-id=\"2ec36685\" data-element_type=\"widget\" data-widget_type=\"image.default\">\n\t\t\t\t<div class=\"elementor-widget-container\">\n\t\t\t\t\t\t\t\t\t\t\t\t\t\t\t<img decoding=\"async\" width=\"300\" height=\"132\" src=\"https:\/\/www.brighigroup.com\/wp-content\/uploads\/2023\/06\/b-right-logo-300x132.png\" class=\"attachment-medium size-medium wp-image-9825\" alt=\"\" srcset=\"https:\/\/www.brighigroup.com\/wp-content\/uploads\/2023\/06\/b-right-logo-300x132.png 300w, https:\/\/www.brighigroup.com\/wp-content\/uploads\/2023\/06\/b-right-logo-768x338.png 768w, https:\/\/www.brighigroup.com\/wp-content\/uploads\/2023\/06\/b-right-logo-64x28.png 64w, https:\/\/www.brighigroup.com\/wp-content\/uploads\/2023\/06\/b-right-logo.png 777w\" sizes=\"(max-width: 300px) 100vw, 300px\" \/>\t\t\t\t\t\t\t\t\t\t\t\t\t\t\t<\/div>\n\t\t\t\t<\/div>\n\t\t\t\t<div class=\"elementor-element elementor-element-59df8307 elementor-widget__width-auto elementor-widget elementor-widget-image\" data-id=\"59df8307\" data-element_type=\"widget\" data-widget_type=\"image.default\">\n\t\t\t\t<div class=\"elementor-widget-container\">\n\t\t\t\t\t\t\t\t\t\t\t\t\t\t\t<img decoding=\"async\" width=\"642\" height=\"54\" src=\"https:\/\/www.brighigroup.com\/wp-content\/uploads\/2023\/06\/home-textile-highlights-1.png\" class=\"attachment-medium_large size-medium_large wp-image-9830\" alt=\"\" srcset=\"https:\/\/www.brighigroup.com\/wp-content\/uploads\/2023\/06\/home-textile-highlights-1.png 642w, https:\/\/www.brighigroup.com\/wp-content\/uploads\/2023\/06\/home-textile-highlights-1-300x25.png 300w, https:\/\/www.brighigroup.com\/wp-content\/uploads\/2023\/06\/home-textile-highlights-1-64x5.png 64w\" sizes=\"(max-width: 642px) 100vw, 642px\" \/>\t\t\t\t\t\t\t\t\t\t\t\t\t\t\t<\/div>\n\t\t\t\t<\/div>\n\t\t\t\t\t<\/div>\n\t\t<\/div>\n\t\t\t\t\t<\/div>\n\t\t<\/section>\n\t\t\t\t<section class=\"elementor-section elementor-top-section elementor-element elementor-element-6e3c18e7 elementor-section-boxed elementor-section-height-default elementor-section-height-default\" data-id=\"6e3c18e7\" data-element_type=\"section\">\n\t\t\t\t\t\t<div class=\"elementor-container elementor-column-gap-default\">\n\t\t\t\t\t<div class=\"elementor-column elementor-col-100 elementor-top-column elementor-element elementor-element-287c6bb0\" data-id=\"287c6bb0\" data-element_type=\"column\">\n\t\t\t<div class=\"elementor-widget-wrap elementor-element-populated\">\n\t\t\t\t\t\t<div class=\"elementor-element elementor-element-5fda64a0 categoria elementor-widget elementor-widget-post-info\" data-id=\"5fda64a0\" data-element_type=\"widget\" data-widget_type=\"post-info.default\">\n\t\t\t\t<div class=\"elementor-widget-container\">\n\t\t\t\t\t\t\t<ul class=\"elementor-inline-items elementor-icon-list-items elementor-post-info\">\n\t\t\t\t\t\t\t\t<li class=\"elementor-icon-list-item elementor-repeater-item-540fc22 elementor-inline-item\" itemprop=\"about\">\n\t\t\t\t\t\t\t\t\t\t\t\t\t<span class=\"elementor-icon-list-text elementor-post-info__item elementor-post-info__item--type-terms\">\n\t\t\t\t\t\t\t\t\t\t<span class=\"elementor-post-info__terms-list\">\n\t\t\t\t<a href=\"https:\/\/www.brighigroup.com\/es\/asignaturas\/b-out-of-the-box-es\/\" class=\"elementor-post-info__terms-list-item\">B-Out of the box<\/a>\t\t\t\t<\/span>\n\t\t\t\t\t<\/span>\n\t\t\t\t\t\t\t\t<\/li>\n\t\t\t\t<\/ul>\n\t\t\t\t\t\t<\/div>\n\t\t\t\t<\/div>\n\t\t\t\t<div class=\"elementor-element elementor-element-178fb691 elementor-widget elementor-widget-html\" data-id=\"178fb691\" data-element_type=\"widget\" data-widget_type=\"html.default\">\n\t\t\t\t<div class=\"elementor-widget-container\">\n\t\t\t\t\t<script>\r\njQuery(document).ready(function($) {\r\n    $('.categoria').each(function () {\r\n   $(this).html($(this).html().replace(\"B-\", \"<span style='color:#cd1619'>B-<\/span>\"));\r\n});\r\n});\r\n       \r\n    \r\n<\/script>\t\t\t\t<\/div>\n\t\t\t\t<\/div>\n\t\t\t\t<div class=\"elementor-element elementor-element-3f98076e elementor-widget elementor-widget-heading\" data-id=\"3f98076e\" data-element_type=\"widget\" data-widget_type=\"heading.default\">\n\t\t\t\t<div class=\"elementor-widget-container\">\n\t\t\t\t\t<h1 class=\"elementor-heading-title elementor-size-default\">DEL DISE\u00d1O A LA PROTECCI\u00d3N: LA IMPORTANCIA DEL EMBALAJE MODERNO<\/h1>\t\t\t\t<\/div>\n\t\t\t\t<\/div>\n\t\t\t\t<div class=\"elementor-element elementor-element-4bead049 elementor-widget elementor-widget-text-editor\" data-id=\"4bead049\" data-element_type=\"widget\" data-widget_type=\"text-editor.default\">\n\t\t\t\t<div class=\"elementor-widget-container\">\n\t\t\t\t\t\t\t\t\tEL EMBALAJE NO S\u00d3LO DEBE GARANTIZAR LA PROTECCI\u00d3N DE LAS MERCANC\u00cdAS, SINO TAMBI\u00c9N ATRAER A NUEVOS CONSUMIDORES. \u00bfC\u00d3MO?\t\t\t\t\t\t\t\t<\/div>\n\t\t\t\t<\/div>\n\t\t\t\t\t<\/div>\n\t\t<\/div>\n\t\t\t\t\t<\/div>\n\t\t<\/section>\n\t\t\t\t<section class=\"elementor-section elementor-top-section elementor-element elementor-element-6b67e6c1 elementor-section-boxed elementor-section-height-default elementor-section-height-default\" data-id=\"6b67e6c1\" data-element_type=\"section\">\n\t\t\t\t\t\t<div class=\"elementor-container elementor-column-gap-default\">\n\t\t\t\t\t<div class=\"elementor-column elementor-col-100 elementor-top-column elementor-element elementor-element-2b6acf2c\" data-id=\"2b6acf2c\" data-element_type=\"column\">\n\t\t\t<div class=\"elementor-widget-wrap elementor-element-populated\">\n\t\t\t\t\t\t<div class=\"elementor-element elementor-element-60cd6cad elementor-widget elementor-widget-image\" data-id=\"60cd6cad\" data-element_type=\"widget\" data-widget_type=\"image.default\">\n\t\t\t\t<div class=\"elementor-widget-container\">\n\t\t\t\t\t\t\t\t\t\t\t\t\t\t\t<img fetchpriority=\"high\" decoding=\"async\" width=\"1600\" height=\"768\" src=\"https:\/\/www.brighigroup.com\/wp-content\/uploads\/2024\/06\/B-right-immagine-orizzontale-def.jpg\" class=\"attachment-full size-full wp-image-11967\" alt=\"\" srcset=\"https:\/\/www.brighigroup.com\/wp-content\/uploads\/2024\/06\/B-right-immagine-orizzontale-def.jpg 1600w, https:\/\/www.brighigroup.com\/wp-content\/uploads\/2024\/06\/B-right-immagine-orizzontale-def-300x144.jpg 300w, https:\/\/www.brighigroup.com\/wp-content\/uploads\/2024\/06\/B-right-immagine-orizzontale-def-1024x492.jpg 1024w, https:\/\/www.brighigroup.com\/wp-content\/uploads\/2024\/06\/B-right-immagine-orizzontale-def-768x369.jpg 768w, https:\/\/www.brighigroup.com\/wp-content\/uploads\/2024\/06\/B-right-immagine-orizzontale-def-1536x737.jpg 1536w, https:\/\/www.brighigroup.com\/wp-content\/uploads\/2024\/06\/B-right-immagine-orizzontale-def-1000x480.jpg 1000w, https:\/\/www.brighigroup.com\/wp-content\/uploads\/2024\/06\/B-right-immagine-orizzontale-def-64x31.jpg 64w\" sizes=\"(max-width: 1600px) 100vw, 1600px\" \/>\t\t\t\t\t\t\t\t\t\t\t\t\t\t\t<\/div>\n\t\t\t\t<\/div>\n\t\t\t\t\t<\/div>\n\t\t<\/div>\n\t\t\t\t\t<\/div>\n\t\t<\/section>\n\t\t\t\t<section class=\"elementor-section elementor-top-section elementor-element elementor-element-30fb4f59 elementor-section-boxed elementor-section-height-default elementor-section-height-default\" data-id=\"30fb4f59\" data-element_type=\"section\">\n\t\t\t\t\t\t<div class=\"elementor-container elementor-column-gap-default\">\n\t\t\t\t\t<div class=\"elementor-column elementor-col-50 elementor-top-column elementor-element elementor-element-1ba7bc9\" data-id=\"1ba7bc9\" data-element_type=\"column\">\n\t\t\t<div class=\"elementor-widget-wrap elementor-element-populated\">\n\t\t\t\t\t\t<div class=\"elementor-element elementor-element-2d9c09d0 elementor-widget elementor-widget-text-editor\" data-id=\"2d9c09d0\" data-element_type=\"widget\" data-widget_type=\"text-editor.default\">\n\t\t\t\t<div class=\"elementor-widget-container\">\n\t\t\t\t\t\t\t\t\t<p style=\"text-align: justify;\">El empaque entra en la vida humana para preservar los art\u00edculos de la deterioraci\u00f3n. A lo largo de los siglos, lo que inicialmente eran herramientas rudimentarias y contenedores b\u00e1sicos han evolucionado como resultado de las transformaciones en las necesidades humanas y los tipos de consumo.<\/p>\n<p style=\"text-align: justify;\">Hoy en d\u00eda, en una era caracterizada por una vasta <strong>red internacional de distribuci\u00f3n y venta al por menor<\/strong>, el embalaje no solo debe garantizar <strong>la protecci\u00f3n de los productos durante el transporte<\/strong>, sino tambi\u00e9n <strong>atraer a nuevos consumidores hacia la compra de una marca en particular<\/strong>. Esto tambi\u00e9n tiene implicaciones para los fabricantes de maquinaria de embalaje, que deber\u00e1n evolucionar para encontrar soluciones pr\u00e1cticas y eficientes.<\/p>\n<p style=\"text-align: justify;\"><strong>PERSPECTIVAS SOBRE LOS CONCEPTOS MODERNOS DE EMBALAJE<\/strong><\/p>\n<p style=\"text-align: justify;\">No es de extra\u00f1ar que el embalaje, en el sentido moderno del t\u00e9rmino, surja con la llegada de la Revoluci\u00f3n Industrial y la consecuente producci\u00f3n en masa, que requer\u00eda nuevas formas de proteger y diferenciar el producto de las marcas de los competidores. Sin embargo, su desarrollo m\u00e1ximo se experiment\u00f3 con la proliferaci\u00f3n de supermercados y grandes tiendas de autoservicio, t\u00edpicas de la sociedad de consumo de la d\u00e9cada de 1950. As\u00ed, en un contexto caracterizado por la venta masiva, hacer que una marca sea atractiva y reconocible entre los estantes se convierte en una necesidad cada vez m\u00e1s ineludible.<\/p>\n<p style=\"text-align: justify;\">Junto a las cl\u00e1sicas necesidades de <strong>protecci\u00f3n del producto, reducci\u00f3n de espacio<\/strong> en la fase de almacenamiento y <strong>reducci\u00f3n de costos de producci\u00f3n y transporte<\/strong>, el <strong>dise\u00f1o<\/strong> en el empaque de un producto comienza a adquirir un nuevo valor funcional.<\/p>\n<p style=\"text-align: justify;\">De hecho, las estad\u00edsticas a\u00fan reconocen que <u>m\u00e1s de la mitad de los consumidores<\/u> se sienten motivados a comprar un producto de una marca en particular en lugar del de un competidor debido a la atractividad y apariencia de su empaque.<\/p>\n<p><img decoding=\"async\" src=\"https:\/\/www.brighigroup.com\/wp-content\/uploads\/2024\/06\/Grafico-packaging-1-high.jpg\" \/><\/p>\n<p style=\"text-align: justify;\"><em>Fuente: Westrock, 2018 Packaging Matters<\/em><\/p>\n<p style=\"text-align: justify;\">El embalaje se convierte en una herramienta informativa y promocional por derecho propio, y por lo tanto, en parte del producto mismo. Los nuevos elementos de dise\u00f1o y promoci\u00f3n no deben, en ning\u00fan caso, separarse de la necesidad primaria de protecci\u00f3n y retorno econ\u00f3mico.<\/p>\n<p style=\"text-align: justify;\"><strong>AUMENTAR LA PROTECCI\u00d3N<\/strong><\/p>\n<p style=\"text-align: justify;\">Los indicadores m\u00e1s significativos de la satisfacci\u00f3n del consumidor contin\u00faan siendo la funcionalidad del empaque y la seguridad del producto.<\/p>\n<p style=\"text-align: justify;\">El<strong> 75% de los consumidores afirman que su decisi\u00f3n de compra se ve dr\u00e1sticamente afectada por las opciones de embalaje seguro<\/strong>. Esta atenci\u00f3n hacia la protecci\u00f3n ha aumentado en la \u00faltima d\u00e9cada, con un pico en 2020, debido al uso exponencial de plataformas de comercio electr\u00f3nico y, m\u00e1s en general, de las compras en l\u00ednea.<\/p>\n<p style=\"text-align: justify;\">En particular, ha habido un notable incremento en la compra de productos para el hogar, con una encuesta realizada por el <a href=\"https:\/\/bettersleep.org\/wp-content\/uploads\/2021\/11\/BSC-Tracker-Results-Q3-2021.pdf\"><em>Better Sleep Council<\/em><\/a> revelando que los accesorios para la cama y el descanso encabezan la lista de las elecciones de los consumidores.<\/p>\n<p style=\"text-align: justify;\">A la luz de esta evidencia, los principales minoristas han solicitado a <strong>los fabricantes de maquinaria de embalaje que desarrollen soluciones innovadoras y confiables <\/strong>para estos productos. Particularmente porque los accesorios para la cama y el descanso, como cojines, almohadas y edredones, a pesar de ser bastante ligeros, tambi\u00e9n son incre\u00edblemente f\u00e1ciles de da\u00f1ar por la humedad, los rasgu\u00f1os y el aplastamiento excesivo.<\/p>\n<p style=\"text-align: justify;\"><img decoding=\"async\" src=\"https:\/\/www.brighigroup.com\/wp-content\/uploads\/2024\/06\/Grafico-packaging-2-high.jpg\" \/><\/p>\n<p style=\"text-align: justify;\">Por lo tanto, el tipo de material utilizado debe ser cuidadosamente tenido en cuenta en la evaluaci\u00f3n de soluciones de empaque seguras.<\/p>\n<p style=\"text-align: justify;\">Entre las opciones de pl\u00e1stico, el <strong>multilaminado<\/strong> representa la m\u00e1xima protecci\u00f3n para los productos de cama. Su capa central sirve como <strong>barrera para evitar el paso del ox\u00edgeno<\/strong>, pero tambi\u00e9n <strong>puede proporcionar una barrera contra el polvo, la suciedad y la humedad.<\/strong><\/p>\n<p style=\"text-align: justify;\">Si bien los pl\u00e1sticos pueden no ser una opci\u00f3n ecol\u00f3gica, los fabricantes de maquinaria de empaque est\u00e1n trabajando junto a expertos de la industria para dise\u00f1ar soluciones utilizando materiales reciclados, de papel y biopl\u00e1sticos.<\/p>\n<p style=\"text-align: justify;\"><strong>REDUCCI\u00d3N DE ESPACIO Y COSTOS<\/strong><\/p>\n<p style=\"text-align: justify;\">Un empaque fuerte y protector no necesariamente implica que sea pesado y voluminoso. Las nuevas fronteras del empaque apuntan a minimizar el desperdicio de material para la sostenibilidad y reducir el espacio necesario para el almacenamiento y transporte, lo que a su vez reduce los costos. Adem\u00e1s, reducir el desperdicio de material no solo reduce los costos de empaque, sino que tambi\u00e9n disminuye los gastos de eliminaci\u00f3n.<\/p>\n<p style=\"text-align: justify;\">En el campo de la ropa de cama, las soluciones m\u00e1s buscadas son los <strong>embalajes planos y enrollados<\/strong>.<\/p>\n<p style=\"text-align: justify;\">Los productos enrollados pueden reducir su volumen original en m\u00e1s del 50%, un valor que crece en relaci\u00f3n con los empaques planos, facilitando el transporte y almacenamiento al permitir cargar m\u00e1s productos en palets y contenedores, reduciendo as\u00ed el n\u00famero total de env\u00edos necesarios y los costos relacionados.<\/p>\n<p style=\"text-align: justify;\">Se sigue que <strong>tanto los empaques planos como los enrollados ofrecen ventajas significativas<\/strong> en t\u00e9rminos de optimizaci\u00f3n del espacio, reducci\u00f3n de costos de transporte y mejora de la protecci\u00f3n del producto. La elecci\u00f3n entre ambos a menudo depende del tipo de producto y de las necesidades log\u00edsticas espec\u00edficas. Al adoptar la soluci\u00f3n adecuada, las empresas pueden mejorar la eficiencia de su cadena de suministro y aumentar la satisfacci\u00f3n del cliente.<\/p>\n<p style=\"text-align: justify;\"><strong>LO QUE BRIGHI APORTA A LA MESA<\/strong><\/p>\n<p style=\"text-align: justify;\">A pesar de ser el paso final del proceso de producci\u00f3n, el empaque no tiene menos importancia que cualquier otra etapa. De hecho, es una fase cr\u00edtica que exige una consideraci\u00f3n cuidadosa, particularmente cuando se trata de lograr la <strong>reducci\u00f3n de costos<\/strong>. Reconociendo esto, Brighi ha pasado a\u00f1os estudiando para desarrollar m\u00e1quinas que entreguen resultados rentables, incluyendo opciones para crear tanto <a href=\"https:\/\/www.brighigroup.com\/es\/machine\/eb-500-easy-bag\/\">empaques planos<\/a> como <a href=\"https:\/\/www.brighigroup.com\/es\/machine\/er-500-easy-roll\/\">enrollados<\/a>, as\u00ed como la capacidad de <a href=\"https:\/\/www.brighigroup.com\/es\/machine\/mp-500\/\">apilar m\u00faltiples productos<\/a> dentro de la misma bolsa, optimizando el uso del espacio y del material.<\/p>\n<p style=\"text-align: justify;\">\u00abNos damos cuenta de que hay muchos elementos involucrados en la b\u00fasqueda de soluciones innovadoras\u00bb, afirma Alessio Brighi, Business Development Manager de Brighi. \u00abEs por eso que <strong>nuestra empresa actualiza continuamente su conocimiento sobre el embalaje<\/strong>, estudiando productos que mejoren el ahorro de costos y la protecci\u00f3n, al tiempo que garantizan un resultado final atractivo\u00bb.<\/p>\n\t\t\t\t\t\t\t\t<\/div>\n\t\t\t\t<\/div>\n\t\t\t\t\t<\/div>\n\t\t<\/div>\n\t\t\t\t<div class=\"elementor-column elementor-col-50 elementor-top-column elementor-element elementor-element-38331f04\" data-id=\"38331f04\" data-element_type=\"column\">\n\t\t\t<div class=\"elementor-widget-wrap elementor-element-populated\">\n\t\t\t\t\t\t<div class=\"elementor-element elementor-element-39457a7c elementor-widget elementor-widget-image\" data-id=\"39457a7c\" data-element_type=\"widget\" data-widget_type=\"image.default\">\n\t\t\t\t<div class=\"elementor-widget-container\">\n\t\t\t\t\t\t\t\t\t\t\t\t\t\t\t<img loading=\"lazy\" decoding=\"async\" width=\"350\" height=\"734\" src=\"https:\/\/www.brighigroup.com\/wp-content\/uploads\/2024\/06\/B-right-verticale-packaging-1.png\" class=\"attachment-large size-large wp-image-11973\" alt=\"\" srcset=\"https:\/\/www.brighigroup.com\/wp-content\/uploads\/2024\/06\/B-right-verticale-packaging-1.png 350w, https:\/\/www.brighigroup.com\/wp-content\/uploads\/2024\/06\/B-right-verticale-packaging-1-143x300.png 143w, https:\/\/www.brighigroup.com\/wp-content\/uploads\/2024\/06\/B-right-verticale-packaging-1-300x629.png 300w, https:\/\/www.brighigroup.com\/wp-content\/uploads\/2024\/06\/B-right-verticale-packaging-1-64x134.png 64w\" sizes=\"(max-width: 350px) 100vw, 350px\" \/>\t\t\t\t\t\t\t\t\t\t\t\t\t\t\t<\/div>\n\t\t\t\t<\/div>\n\t\t\t\t\t<\/div>\n\t\t<\/div>\n\t\t\t\t\t<\/div>\n\t\t<\/section>\n\t\t\t\t<\/div>\n\t\t","protected":false},"excerpt":{"rendered":"<p>El empaque entra en la vida humana para preservar los art\u00edculos de la deterioraci\u00f3n. A lo largo de los siglos, lo que inicialmente eran herramientas rudimentarias y contenedores b\u00e1sicos han evolucionado como resultado de las transformaciones en las necesidades humanas y los tipos de consumo. Hoy en d\u00eda, en una era caracterizada por una vasta [&hellip;]<\/p>\n","protected":false},"author":7,"featured_media":11967,"comment_status":"closed","ping_status":"closed","sticky":false,"template":"","format":"standard","meta":{"_acf_changed":false,"footnotes":""},"categories":[244],"tags":[],"class_list":["post-11999","post","type-post","status-publish","format-standard","has-post-thumbnail","hentry","category-b-out-of-the-box-es"],"acf":[],"yoast_head":"<!-- This site is optimized with the Yoast SEO plugin v24.2 - https:\/\/yoast.com\/wordpress\/plugins\/seo\/ -->\n<title>DEL DISE\u00d1O A LA PROTECCI\u00d3N: LA IMPORTANCIA DEL EMBALAJE MODERNO - Brighi Group<\/title>\n<meta name=\"description\" content=\"Protecci\u00f3n, reducci\u00f3n de espacio y dise\u00f1o: descubra la evoluci\u00f3n del embalaje en la industria de la cama y de los cojines\" \/>\n<meta name=\"robots\" content=\"index, follow, max-snippet:-1, max-image-preview:large, max-video-preview:-1\" \/>\n<link rel=\"canonical\" href=\"https:\/\/www.brighigroup.com\/es\/blog\/2024\/06\/17\/del-diseno-a-la-proteccion-la-importancia-del-embalaje-moderno\/\" \/>\n<meta property=\"og:locale\" content=\"es_ES\" \/>\n<meta property=\"og:type\" content=\"article\" \/>\n<meta property=\"og:title\" content=\"DEL DISE\u00d1O A LA PROTECCI\u00d3N: LA IMPORTANCIA DEL EMBALAJE MODERNO - Brighi Group\" \/>\n<meta property=\"og:description\" content=\"Protecci\u00f3n, reducci\u00f3n de espacio y dise\u00f1o: descubra la evoluci\u00f3n del embalaje en la industria de la cama y de los cojines\" \/>\n<meta property=\"og:url\" content=\"https:\/\/www.brighigroup.com\/es\/blog\/2024\/06\/17\/del-diseno-a-la-proteccion-la-importancia-del-embalaje-moderno\/\" \/>\n<meta property=\"og:site_name\" content=\"Brighi Group\" \/>\n<meta property=\"article:published_time\" content=\"2024-06-17T09:36:13+00:00\" \/>\n<meta property=\"article:modified_time\" content=\"2024-06-17T09:38:34+00:00\" \/>\n<meta property=\"og:image\" content=\"https:\/\/www.brighigroup.com\/wp-content\/uploads\/2024\/06\/B-right-immagine-orizzontale-def.jpg\" \/>\n\t<meta property=\"og:image:width\" content=\"1600\" \/>\n\t<meta property=\"og:image:height\" content=\"768\" \/>\n\t<meta property=\"og:image:type\" content=\"image\/jpeg\" \/>\n<meta name=\"author\" content=\"Laura\" \/>\n<meta name=\"twitter:card\" content=\"summary_large_image\" \/>\n<meta name=\"twitter:label1\" content=\"Escrito por\" \/>\n\t<meta name=\"twitter:data1\" content=\"Laura\" \/>\n\t<meta name=\"twitter:label2\" content=\"Tiempo de lectura\" \/>\n\t<meta name=\"twitter:data2\" content=\"5 minutos\" \/>\n<script type=\"application\/ld+json\" class=\"yoast-schema-graph\">{\"@context\":\"https:\/\/schema.org\",\"@graph\":[{\"@type\":\"WebPage\",\"@id\":\"https:\/\/www.brighigroup.com\/es\/blog\/2024\/06\/17\/del-diseno-a-la-proteccion-la-importancia-del-embalaje-moderno\/\",\"url\":\"https:\/\/www.brighigroup.com\/es\/blog\/2024\/06\/17\/del-diseno-a-la-proteccion-la-importancia-del-embalaje-moderno\/\",\"name\":\"DEL DISE\u00d1O A LA PROTECCI\u00d3N: LA IMPORTANCIA DEL EMBALAJE MODERNO - Brighi Group\",\"isPartOf\":{\"@id\":\"https:\/\/www.brighigroup.com\/es\/#website\"},\"primaryImageOfPage\":{\"@id\":\"https:\/\/www.brighigroup.com\/es\/blog\/2024\/06\/17\/del-diseno-a-la-proteccion-la-importancia-del-embalaje-moderno\/#primaryimage\"},\"image\":{\"@id\":\"https:\/\/www.brighigroup.com\/es\/blog\/2024\/06\/17\/del-diseno-a-la-proteccion-la-importancia-del-embalaje-moderno\/#primaryimage\"},\"thumbnailUrl\":\"https:\/\/www.brighigroup.com\/wp-content\/uploads\/2024\/06\/B-right-immagine-orizzontale-def.jpg\",\"datePublished\":\"2024-06-17T09:36:13+00:00\",\"dateModified\":\"2024-06-17T09:38:34+00:00\",\"author\":{\"@id\":\"https:\/\/www.brighigroup.com\/es\/#\/schema\/person\/d3aabe5ccfbfcb82b169e7604d183509\"},\"description\":\"Protecci\u00f3n, reducci\u00f3n de espacio y dise\u00f1o: descubra la evoluci\u00f3n del embalaje en la industria de la cama y de los cojines\",\"inLanguage\":\"es\",\"potentialAction\":[{\"@type\":\"ReadAction\",\"target\":[\"https:\/\/www.brighigroup.com\/es\/blog\/2024\/06\/17\/del-diseno-a-la-proteccion-la-importancia-del-embalaje-moderno\/\"]}]},{\"@type\":\"ImageObject\",\"inLanguage\":\"es\",\"@id\":\"https:\/\/www.brighigroup.com\/es\/blog\/2024\/06\/17\/del-diseno-a-la-proteccion-la-importancia-del-embalaje-moderno\/#primaryimage\",\"url\":\"https:\/\/www.brighigroup.com\/wp-content\/uploads\/2024\/06\/B-right-immagine-orizzontale-def.jpg\",\"contentUrl\":\"https:\/\/www.brighigroup.com\/wp-content\/uploads\/2024\/06\/B-right-immagine-orizzontale-def.jpg\",\"width\":1600,\"height\":768},{\"@type\":\"WebSite\",\"@id\":\"https:\/\/www.brighigroup.com\/es\/#website\",\"url\":\"https:\/\/www.brighigroup.com\/es\/\",\"name\":\"Brighi Group\",\"description\":\"Home textile e di prodotti imbottiti per il design d&#039;arredo tramandando l&#039;innovazione come cultura d&#039;impresa.\",\"potentialAction\":[{\"@type\":\"SearchAction\",\"target\":{\"@type\":\"EntryPoint\",\"urlTemplate\":\"https:\/\/www.brighigroup.com\/es\/?s={search_term_string}\"},\"query-input\":{\"@type\":\"PropertyValueSpecification\",\"valueRequired\":true,\"valueName\":\"search_term_string\"}}],\"inLanguage\":\"es\"},{\"@type\":\"Person\",\"@id\":\"https:\/\/www.brighigroup.com\/es\/#\/schema\/person\/d3aabe5ccfbfcb82b169e7604d183509\",\"name\":\"Laura\",\"url\":\"https:\/\/www.brighigroup.com\/es\/blog\/author\/laura_brighi\/\"}]}<\/script>\n<!-- \/ Yoast SEO plugin. -->","yoast_head_json":{"title":"DEL DISE\u00d1O A LA PROTECCI\u00d3N: LA IMPORTANCIA DEL EMBALAJE MODERNO - Brighi Group","description":"Protecci\u00f3n, reducci\u00f3n de espacio y dise\u00f1o: descubra la evoluci\u00f3n del embalaje en la industria de la cama y de los cojines","robots":{"index":"index","follow":"follow","max-snippet":"max-snippet:-1","max-image-preview":"max-image-preview:large","max-video-preview":"max-video-preview:-1"},"canonical":"https:\/\/www.brighigroup.com\/es\/blog\/2024\/06\/17\/del-diseno-a-la-proteccion-la-importancia-del-embalaje-moderno\/","og_locale":"es_ES","og_type":"article","og_title":"DEL DISE\u00d1O A LA PROTECCI\u00d3N: LA IMPORTANCIA DEL EMBALAJE MODERNO - Brighi Group","og_description":"Protecci\u00f3n, reducci\u00f3n de espacio y dise\u00f1o: descubra la evoluci\u00f3n del embalaje en la industria de la cama y de los cojines","og_url":"https:\/\/www.brighigroup.com\/es\/blog\/2024\/06\/17\/del-diseno-a-la-proteccion-la-importancia-del-embalaje-moderno\/","og_site_name":"Brighi Group","article_published_time":"2024-06-17T09:36:13+00:00","article_modified_time":"2024-06-17T09:38:34+00:00","og_image":[{"width":1600,"height":768,"url":"https:\/\/www.brighigroup.com\/wp-content\/uploads\/2024\/06\/B-right-immagine-orizzontale-def.jpg","type":"image\/jpeg"}],"author":"Laura","twitter_card":"summary_large_image","twitter_misc":{"Escrito por":"Laura","Tiempo de lectura":"5 minutos"},"schema":{"@context":"https:\/\/schema.org","@graph":[{"@type":"WebPage","@id":"https:\/\/www.brighigroup.com\/es\/blog\/2024\/06\/17\/del-diseno-a-la-proteccion-la-importancia-del-embalaje-moderno\/","url":"https:\/\/www.brighigroup.com\/es\/blog\/2024\/06\/17\/del-diseno-a-la-proteccion-la-importancia-del-embalaje-moderno\/","name":"DEL DISE\u00d1O A LA PROTECCI\u00d3N: LA IMPORTANCIA DEL EMBALAJE MODERNO - Brighi Group","isPartOf":{"@id":"https:\/\/www.brighigroup.com\/es\/#website"},"primaryImageOfPage":{"@id":"https:\/\/www.brighigroup.com\/es\/blog\/2024\/06\/17\/del-diseno-a-la-proteccion-la-importancia-del-embalaje-moderno\/#primaryimage"},"image":{"@id":"https:\/\/www.brighigroup.com\/es\/blog\/2024\/06\/17\/del-diseno-a-la-proteccion-la-importancia-del-embalaje-moderno\/#primaryimage"},"thumbnailUrl":"https:\/\/www.brighigroup.com\/wp-content\/uploads\/2024\/06\/B-right-immagine-orizzontale-def.jpg","datePublished":"2024-06-17T09:36:13+00:00","dateModified":"2024-06-17T09:38:34+00:00","author":{"@id":"https:\/\/www.brighigroup.com\/es\/#\/schema\/person\/d3aabe5ccfbfcb82b169e7604d183509"},"description":"Protecci\u00f3n, reducci\u00f3n de espacio y dise\u00f1o: descubra la evoluci\u00f3n del embalaje en la industria de la cama y de los cojines","inLanguage":"es","potentialAction":[{"@type":"ReadAction","target":["https:\/\/www.brighigroup.com\/es\/blog\/2024\/06\/17\/del-diseno-a-la-proteccion-la-importancia-del-embalaje-moderno\/"]}]},{"@type":"ImageObject","inLanguage":"es","@id":"https:\/\/www.brighigroup.com\/es\/blog\/2024\/06\/17\/del-diseno-a-la-proteccion-la-importancia-del-embalaje-moderno\/#primaryimage","url":"https:\/\/www.brighigroup.com\/wp-content\/uploads\/2024\/06\/B-right-immagine-orizzontale-def.jpg","contentUrl":"https:\/\/www.brighigroup.com\/wp-content\/uploads\/2024\/06\/B-right-immagine-orizzontale-def.jpg","width":1600,"height":768},{"@type":"WebSite","@id":"https:\/\/www.brighigroup.com\/es\/#website","url":"https:\/\/www.brighigroup.com\/es\/","name":"Brighi Group","description":"Home textile e di prodotti imbottiti per il design d&#039;arredo tramandando l&#039;innovazione come cultura d&#039;impresa.","potentialAction":[{"@type":"SearchAction","target":{"@type":"EntryPoint","urlTemplate":"https:\/\/www.brighigroup.com\/es\/?s={search_term_string}"},"query-input":{"@type":"PropertyValueSpecification","valueRequired":true,"valueName":"search_term_string"}}],"inLanguage":"es"},{"@type":"Person","@id":"https:\/\/www.brighigroup.com\/es\/#\/schema\/person\/d3aabe5ccfbfcb82b169e7604d183509","name":"Laura","url":"https:\/\/www.brighigroup.com\/es\/blog\/author\/laura_brighi\/"}]}},"_links":{"self":[{"href":"https:\/\/www.brighigroup.com\/es\/wp-json\/wp\/v2\/posts\/11999","targetHints":{"allow":["GET"]}}],"collection":[{"href":"https:\/\/www.brighigroup.com\/es\/wp-json\/wp\/v2\/posts"}],"about":[{"href":"https:\/\/www.brighigroup.com\/es\/wp-json\/wp\/v2\/types\/post"}],"author":[{"embeddable":true,"href":"https:\/\/www.brighigroup.com\/es\/wp-json\/wp\/v2\/users\/7"}],"replies":[{"embeddable":true,"href":"https:\/\/www.brighigroup.com\/es\/wp-json\/wp\/v2\/comments?post=11999"}],"version-history":[{"count":3,"href":"https:\/\/www.brighigroup.com\/es\/wp-json\/wp\/v2\/posts\/11999\/revisions"}],"predecessor-version":[{"id":12004,"href":"https:\/\/www.brighigroup.com\/es\/wp-json\/wp\/v2\/posts\/11999\/revisions\/12004"}],"wp:featuredmedia":[{"embeddable":true,"href":"https:\/\/www.brighigroup.com\/es\/wp-json\/wp\/v2\/media\/11967"}],"wp:attachment":[{"href":"https:\/\/www.brighigroup.com\/es\/wp-json\/wp\/v2\/media?parent=11999"}],"wp:term":[{"taxonomy":"category","embeddable":true,"href":"https:\/\/www.brighigroup.com\/es\/wp-json\/wp\/v2\/categories?post=11999"},{"taxonomy":"post_tag","embeddable":true,"href":"https:\/\/www.brighigroup.com\/es\/wp-json\/wp\/v2\/tags?post=11999"}],"curies":[{"name":"wp","href":"https:\/\/api.w.org\/{rel}","templated":true}]}}