{"id":10780,"date":"2025-01-10T11:49:51","date_gmt":"2025-01-10T10:49:51","guid":{"rendered":"https:\/\/www.brighigroup.com\/2024\/02\/14\/interzum\/"},"modified":"2025-02-05T22:50:00","modified_gmt":"2025-02-05T21:50:00","slug":"interzum","status":"publish","type":"post","link":"https:\/\/www.brighigroup.com\/es\/blog\/2025\/01\/10\/interzum\/","title":{"rendered":"INTERZUM"},"content":{"rendered":"<strong>Interzum | <\/strong>Colonia, 20-23 de mayo, 2025<p style=\"text-align: justify;\">\u00bfEst\u00e1n listos para el evento del a\u00f1o? Interzum regresa a Colonia, la ciudad clave de la industria internacional de suministros para muebles. Durante 4 d\u00edas, tendr\u00e1n la oportunidad de conectar con expertos del sector, descubrir productos innovadores y ampliar su red de contactos, dando un gran impulso a su negocio. \u00a1No se pierdan esta oportunidad: empiecen a prepararse ahora!<\/p>\u00bfQu\u00e9 es Interzum forum Italy?<p style=\"text-align: justify;\">Interzum es reconocida un\u00e1nimemente como <strong>la feria l\u00edder a nivel mundial para la producci\u00f3n de muebles y el dise\u00f1o de interiores<\/strong>. Durante cuatro d\u00edas, profesionales del sector de todo el mundo se reunir\u00e1n en Colonia para explorar las \u00faltimas innovaciones en la cadena de suministro de muebles. Reconocida por su ambiente din\u00e1mico, Interzum tambi\u00e9n ofrece una interesante serie de congresos de alto nivel, que incluyen conferencias, talleres sobre tendencias y presentaciones de productos.<\/p>\u00bfQu\u00e9 encontrar\u00e1 en nuestro stand?\u00a1Este a\u00f1o nuestra presencia en Interzum se ha duplicado! Nos encontrar\u00e1n en el <strong>Pabell\u00f3n 9.1, en los stands A18 y B19,<\/strong> ubicados uno frente al otro. Cada stand destaca un aspecto distinto de nuestra experiencia: uno dedicado a las demostraciones de maquinaria y el otro a la presentaci\u00f3n de nuestras principales divisiones.\r\nEn el stand <strong>A18<\/strong>, nuestro equipo t\u00e9cnico y comercial les guiar\u00e1 a trav\u00e9s de una demostraci\u00f3n en vivo de nuestra soluci\u00f3n estrella: <strong>un proceso completamente automatizado y digitalizado para la producci\u00f3n de cojines.<\/strong> Desde la etapa de llenado y pre-pesado hasta el cosido y el empaquetado, este innovador sistema ha sido durante a\u00f1os un pilar de nuestro \u00e9xito.\r\nMientras tanto, el stand <strong>B19<\/strong> les invita a descubrir los productos terminados realizados con nuestras m\u00e1quinas. Desde cojines hasta espuma, pasando por soluciones para el reciclaje de residuos de producci\u00f3n, encontrar\u00e1n innovaciones hechas a medida para satisfacer todas sus necesidades.","protected":false},"excerpt":{"rendered":"<p>Interzum | Colonia, 20-23 de mayo, 2025 \u00bfEst\u00e1n listos para el evento del a\u00f1o? Interzum regresa a Colonia, la ciudad clave de la industria internacional de suministros para muebles. Durante 4 d\u00edas, tendr\u00e1n la oportunidad de conectar con expertos del sector, descubrir productos innovadores y ampliar su red de contactos, dando un gran impulso a [&hellip;]<\/p>\n","protected":false},"author":1,"featured_media":10761,"comment_status":"closed","ping_status":"closed","sticky":false,"template":"","format":"standard","meta":{"_acf_changed":false,"footnotes":""},"categories":[283],"tags":[],"class_list":["post-10780","post","type-post","status-publish","format-standard","has-post-thumbnail","hentry","category-exposiciones"],"acf":[],"yoast_head":"<!-- This site is optimized with the Yoast SEO plugin v24.2 - https:\/\/yoast.com\/wordpress\/plugins\/seo\/ -->\n<title>INTERZUM - Brighi Group<\/title>\n<meta name=\"description\" content=\"Interzum es un evento imperdible que atrae a empresas fabricantes de muebles y dise\u00f1adores de interiores de toda Europa.\" \/>\n<meta name=\"robots\" content=\"index, follow, max-snippet:-1, max-image-preview:large, max-video-preview:-1\" \/>\n<link rel=\"canonical\" href=\"https:\/\/www.brighigroup.com\/es\/blog\/2025\/01\/10\/interzum\/\" \/>\n<meta property=\"og:locale\" content=\"es_ES\" \/>\n<meta property=\"og:type\" content=\"article\" \/>\n<meta property=\"og:title\" content=\"INTERZUM - Brighi Group\" \/>\n<meta property=\"og:description\" content=\"Interzum es un evento imperdible que atrae a empresas fabricantes de muebles y dise\u00f1adores de interiores de toda Europa.\" \/>\n<meta property=\"og:url\" content=\"https:\/\/www.brighigroup.com\/es\/blog\/2025\/01\/10\/interzum\/\" \/>\n<meta property=\"og:site_name\" content=\"Brighi Group\" \/>\n<meta property=\"article:published_time\" content=\"2025-01-10T10:49:51+00:00\" \/>\n<meta property=\"article:modified_time\" content=\"2025-02-05T21:50:00+00:00\" \/>\n<meta property=\"og:image\" content=\"https:\/\/www.brighigroup.com\/wp-content\/uploads\/2024\/02\/interzum.jpg\" \/>\n\t<meta property=\"og:image:width\" content=\"774\" \/>\n\t<meta property=\"og:image:height\" content=\"774\" \/>\n\t<meta property=\"og:image:type\" content=\"image\/jpeg\" \/>\n<meta name=\"author\" content=\"brighi_admin\" \/>\n<meta name=\"twitter:card\" content=\"summary_large_image\" \/>\n<meta name=\"twitter:label1\" content=\"Escrito por\" \/>\n\t<meta name=\"twitter:data1\" content=\"brighi_admin\" \/>\n\t<meta name=\"twitter:label2\" content=\"Tiempo de lectura\" \/>\n\t<meta name=\"twitter:data2\" content=\"2 minutos\" \/>\n<script type=\"application\/ld+json\" class=\"yoast-schema-graph\">{\"@context\":\"https:\/\/schema.org\",\"@graph\":[{\"@type\":\"WebPage\",\"@id\":\"https:\/\/www.brighigroup.com\/es\/blog\/2025\/01\/10\/interzum\/\",\"url\":\"https:\/\/www.brighigroup.com\/es\/blog\/2025\/01\/10\/interzum\/\",\"name\":\"INTERZUM - Brighi Group\",\"isPartOf\":{\"@id\":\"https:\/\/www.brighigroup.com\/es\/#website\"},\"primaryImageOfPage\":{\"@id\":\"https:\/\/www.brighigroup.com\/es\/blog\/2025\/01\/10\/interzum\/#primaryimage\"},\"image\":{\"@id\":\"https:\/\/www.brighigroup.com\/es\/blog\/2025\/01\/10\/interzum\/#primaryimage\"},\"thumbnailUrl\":\"https:\/\/www.brighigroup.com\/wp-content\/uploads\/2024\/02\/interzum.jpg\",\"datePublished\":\"2025-01-10T10:49:51+00:00\",\"dateModified\":\"2025-02-05T21:50:00+00:00\",\"author\":{\"@id\":\"https:\/\/www.brighigroup.com\/es\/#\/schema\/person\/67894726dcdf65c5613a37e204222a9c\"},\"description\":\"Interzum es un evento imperdible que atrae a empresas fabricantes de muebles y dise\u00f1adores de interiores de toda Europa.\",\"inLanguage\":\"es\",\"potentialAction\":[{\"@type\":\"ReadAction\",\"target\":[\"https:\/\/www.brighigroup.com\/es\/blog\/2025\/01\/10\/interzum\/\"]}]},{\"@type\":\"ImageObject\",\"inLanguage\":\"es\",\"@id\":\"https:\/\/www.brighigroup.com\/es\/blog\/2025\/01\/10\/interzum\/#primaryimage\",\"url\":\"https:\/\/www.brighigroup.com\/wp-content\/uploads\/2024\/02\/interzum.jpg\",\"contentUrl\":\"https:\/\/www.brighigroup.com\/wp-content\/uploads\/2024\/02\/interzum.jpg\",\"width\":774,\"height\":774},{\"@type\":\"WebSite\",\"@id\":\"https:\/\/www.brighigroup.com\/es\/#website\",\"url\":\"https:\/\/www.brighigroup.com\/es\/\",\"name\":\"Brighi Group\",\"description\":\"Home textile e di prodotti imbottiti per il design d&#039;arredo tramandando l&#039;innovazione come cultura d&#039;impresa.\",\"potentialAction\":[{\"@type\":\"SearchAction\",\"target\":{\"@type\":\"EntryPoint\",\"urlTemplate\":\"https:\/\/www.brighigroup.com\/es\/?s={search_term_string}\"},\"query-input\":{\"@type\":\"PropertyValueSpecification\",\"valueRequired\":true,\"valueName\":\"search_term_string\"}}],\"inLanguage\":\"es\"},{\"@type\":\"Person\",\"@id\":\"https:\/\/www.brighigroup.com\/es\/#\/schema\/person\/67894726dcdf65c5613a37e204222a9c\",\"name\":\"brighi_admin\",\"sameAs\":[\"https:\/\/www.brighigroup.com\"],\"url\":\"https:\/\/www.brighigroup.com\/es\/blog\/author\/brighi_admin\/\"}]}<\/script>\n<!-- \/ Yoast SEO plugin. -->","yoast_head_json":{"title":"INTERZUM - Brighi Group","description":"Interzum es un evento imperdible que atrae a empresas fabricantes de muebles y dise\u00f1adores de interiores de toda Europa.","robots":{"index":"index","follow":"follow","max-snippet":"max-snippet:-1","max-image-preview":"max-image-preview:large","max-video-preview":"max-video-preview:-1"},"canonical":"https:\/\/www.brighigroup.com\/es\/blog\/2025\/01\/10\/interzum\/","og_locale":"es_ES","og_type":"article","og_title":"INTERZUM - Brighi Group","og_description":"Interzum es un evento imperdible que atrae a empresas fabricantes de muebles y dise\u00f1adores de interiores de toda Europa.","og_url":"https:\/\/www.brighigroup.com\/es\/blog\/2025\/01\/10\/interzum\/","og_site_name":"Brighi Group","article_published_time":"2025-01-10T10:49:51+00:00","article_modified_time":"2025-02-05T21:50:00+00:00","og_image":[{"width":774,"height":774,"url":"https:\/\/www.brighigroup.com\/wp-content\/uploads\/2024\/02\/interzum.jpg","type":"image\/jpeg"}],"author":"brighi_admin","twitter_card":"summary_large_image","twitter_misc":{"Escrito por":"brighi_admin","Tiempo de lectura":"2 minutos"},"schema":{"@context":"https:\/\/schema.org","@graph":[{"@type":"WebPage","@id":"https:\/\/www.brighigroup.com\/es\/blog\/2025\/01\/10\/interzum\/","url":"https:\/\/www.brighigroup.com\/es\/blog\/2025\/01\/10\/interzum\/","name":"INTERZUM - Brighi Group","isPartOf":{"@id":"https:\/\/www.brighigroup.com\/es\/#website"},"primaryImageOfPage":{"@id":"https:\/\/www.brighigroup.com\/es\/blog\/2025\/01\/10\/interzum\/#primaryimage"},"image":{"@id":"https:\/\/www.brighigroup.com\/es\/blog\/2025\/01\/10\/interzum\/#primaryimage"},"thumbnailUrl":"https:\/\/www.brighigroup.com\/wp-content\/uploads\/2024\/02\/interzum.jpg","datePublished":"2025-01-10T10:49:51+00:00","dateModified":"2025-02-05T21:50:00+00:00","author":{"@id":"https:\/\/www.brighigroup.com\/es\/#\/schema\/person\/67894726dcdf65c5613a37e204222a9c"},"description":"Interzum es un evento imperdible que atrae a empresas fabricantes de muebles y dise\u00f1adores de interiores de toda Europa.","inLanguage":"es","potentialAction":[{"@type":"ReadAction","target":["https:\/\/www.brighigroup.com\/es\/blog\/2025\/01\/10\/interzum\/"]}]},{"@type":"ImageObject","inLanguage":"es","@id":"https:\/\/www.brighigroup.com\/es\/blog\/2025\/01\/10\/interzum\/#primaryimage","url":"https:\/\/www.brighigroup.com\/wp-content\/uploads\/2024\/02\/interzum.jpg","contentUrl":"https:\/\/www.brighigroup.com\/wp-content\/uploads\/2024\/02\/interzum.jpg","width":774,"height":774},{"@type":"WebSite","@id":"https:\/\/www.brighigroup.com\/es\/#website","url":"https:\/\/www.brighigroup.com\/es\/","name":"Brighi Group","description":"Home textile e di prodotti imbottiti per il design d&#039;arredo tramandando l&#039;innovazione come cultura d&#039;impresa.","potentialAction":[{"@type":"SearchAction","target":{"@type":"EntryPoint","urlTemplate":"https:\/\/www.brighigroup.com\/es\/?s={search_term_string}"},"query-input":{"@type":"PropertyValueSpecification","valueRequired":true,"valueName":"search_term_string"}}],"inLanguage":"es"},{"@type":"Person","@id":"https:\/\/www.brighigroup.com\/es\/#\/schema\/person\/67894726dcdf65c5613a37e204222a9c","name":"brighi_admin","sameAs":["https:\/\/www.brighigroup.com"],"url":"https:\/\/www.brighigroup.com\/es\/blog\/author\/brighi_admin\/"}]}},"_links":{"self":[{"href":"https:\/\/www.brighigroup.com\/es\/wp-json\/wp\/v2\/posts\/10780","targetHints":{"allow":["GET"]}}],"collection":[{"href":"https:\/\/www.brighigroup.com\/es\/wp-json\/wp\/v2\/posts"}],"about":[{"href":"https:\/\/www.brighigroup.com\/es\/wp-json\/wp\/v2\/types\/post"}],"author":[{"embeddable":true,"href":"https:\/\/www.brighigroup.com\/es\/wp-json\/wp\/v2\/users\/1"}],"replies":[{"embeddable":true,"href":"https:\/\/www.brighigroup.com\/es\/wp-json\/wp\/v2\/comments?post=10780"}],"version-history":[{"count":3,"href":"https:\/\/www.brighigroup.com\/es\/wp-json\/wp\/v2\/posts\/10780\/revisions"}],"predecessor-version":[{"id":12866,"href":"https:\/\/www.brighigroup.com\/es\/wp-json\/wp\/v2\/posts\/10780\/revisions\/12866"}],"wp:featuredmedia":[{"embeddable":true,"href":"https:\/\/www.brighigroup.com\/es\/wp-json\/wp\/v2\/media\/10761"}],"wp:attachment":[{"href":"https:\/\/www.brighigroup.com\/es\/wp-json\/wp\/v2\/media?parent=10780"}],"wp:term":[{"taxonomy":"category","embeddable":true,"href":"https:\/\/www.brighigroup.com\/es\/wp-json\/wp\/v2\/categories?post=10780"},{"taxonomy":"post_tag","embeddable":true,"href":"https:\/\/www.brighigroup.com\/es\/wp-json\/wp\/v2\/tags?post=10780"}],"curies":[{"name":"wp","href":"https:\/\/api.w.org\/{rel}","templated":true}]}}