{"id":9477,"date":"2023-04-18T12:28:46","date_gmt":"2023-04-18T10:28:46","guid":{"rendered":"https:\/\/www.brighigroup.com\/2023\/04\/18\/unsere-prasenz-auf-internationalen-messen\/"},"modified":"2023-04-19T17:08:57","modified_gmt":"2023-04-19T15:08:57","slug":"unsere-prasenz-auf-internationalen-messen","status":"publish","type":"post","link":"https:\/\/www.brighigroup.com\/de\/blog\/2023\/04\/18\/unsere-prasenz-auf-internationalen-messen\/","title":{"rendered":"UNSERE PR\u00c4SENZ AUF INTERNATIONALEN MESSEN"},"content":{"rendered":"<p class=\"p1\">2023 ist das Jahr, in dem wir beschlossen haben, auf Beziehungen zu setzen: die, die wir mit unseren Kunden haben, und die, die wir mit Marktf\u00fchrern und Trendsettern aufbauen wollen. Aus diesen Beziehungen entstehen unsere Ideen, und deshalb nehmen wir 2023 mit einer Ausstellungsfl\u00e4che von \u00fcber 450 qm an den wichtigsten und internationalsten Veranstaltungen der Branche teil.<\/p>\n<p class=\"p1\">Es folgen die <strong>INTERZUM<\/strong> in K\u00f6ln mit \u00fcber 130 m\u00b2 Fl\u00e4che, die mit innovativen L\u00f6sungen gef\u00fcllt ist; die <strong>ITMA<\/strong> in Mailand mit 150 m\u00b2 spezifischer Maschinen f\u00fcr Heimtextilien, Verpackungen und Recycling; die <strong>FURNITURE MANUFACTURING EXPO<\/strong> in Hickory, NC mit Innovationen bei Rohstoffen und Polsterm\u00f6beln. Und schlie\u00dflich werden wir Ende 2023 in Stuttgart auf der <strong>FOAM EXPO<\/strong> sein, wo wir zusammen mit unseren Chemiepartnern alle Neuheiten aus der Welt des Polyurethans pr\u00e4sentieren werden.<\/p>\n<p class=\"p3\"><a href=\"https:\/\/www.interzum.com\/en\/interzum-exhibitors\/list-of-exhibitors\/\" target=\"_blank\" rel=\"noopener\"><strong>INTERZUM<\/strong><\/a><\/p>\n<p class=\"p1\">K\u00f6ln, Deutschland<br \/>\n09. bis 12. Mai<br \/>\nHalle 9.1, Stand A-018\/B-019<span class=\"Apple-converted-space\">\u00a0 \u00a0<\/span><\/p>\n<p class=\"p3\"><a href=\"https:\/\/itma.com\/\" target=\"_blank\" rel=\"noopener\"><strong>ITMA<\/strong><\/a><\/p>\n<p class=\"p1\">Mailand, Italien<br \/>\n08. bis 14. Juni<br \/>\nHalle 9, Stand D101<\/p>\n<p class=\"p3\"><a href=\"https:\/\/www.furnituremanufacturingexpo.com\/exhibitors?&amp;azletter=B&amp;searchgroup=00000001-exhibitors\" target=\"_blank\" rel=\"noopener\"><strong>FURNITURE MANUFACTURING EXPO<\/strong><\/a><\/p>\n<p class=\"p1\">Hickory, Nordkarolinen, USA<br \/>\n19. bis 20. Juli<br \/>\nStand 1216<\/p>\n<p class=\"p3\"><a href=\"https:\/\/www.foam-expo-europe.com\/exhibitor-list\/\" target=\"_blank\" rel=\"noopener\"><strong>FOAM EXPO<\/strong><\/a><\/p>\n<p class=\"p1\">Stuttgart, Deutschland<br \/>\n05. bis 07. Dezember<br \/>\nStand 540<\/p>\n<h3><strong>DAS FINDEN SIE AN UNSEREN ST\u00c4NDEN<\/strong><\/h3>\n<p class=\"p1\"><strong>Machen Sie Ihre Mischung<\/strong><\/p>\n<p class=\"p1\">Die Verarbeitung des F\u00fcllmaterials ist ein Schl\u00fcsselelement, um die besten Ergebnisse zu erzielen und <strong>ein qualitativ hochwertiges Ergebnis<\/strong> zu garantieren: Elastizit\u00e4t und Weichheit zur gleichen Zeit. Unsere Projektmanager beraten Sie bei der Auswahl der Materialien und Mischungen, die <strong>durch unsere Software automatisch verwaltet werden<\/strong>. Dank unserer Technologie sind die Mischungen und Endprodukte endlich einheitlich.<\/p>\n<p class=\"p1\"><strong>Passen Sie Ihren Schaum an<\/strong><\/p>\n<p class=\"p1\">Schaumstoffmaschinen und chemisches Wissen: beides brauchen Sie f\u00fcr die Herstellung von Schaumstoffbl\u00f6cken, und unsere Schaumstoffabteilung kann Ihnen beides bieten. <a href=\"https:\/\/www.brighigroup.com\/de\/maschine\/fp-400\/\" target=\"_blank\" rel=\"noopener\">Zus\u00e4tzlich zu unserer Batchblock-Produktionslinie und unseren Produktspezialisten<\/a> macht unsere Partnerschaft mit <strong>Experten der Schaumstoffindustrie<\/strong> unser Angebot zu einem Rundum-Angebot, um die von Ihnen gew\u00fcnschte Dichte zu erreichen.<\/p>\n<p class=\"p1\">Und wenn Sie Ihr Produkt von anderen abheben m\u00f6chten, k\u00f6nnen Sie sich in unserem brandneuen Blog <a href=\"https:\/\/www.brighigroup.com\/de\/b-right-home-textile-highlights-de\/\" target=\"_blank\" rel=\"noopener\">B-right <\/a>\u00fcber die Vorteile von <strong>biobasiertem Schaumstoff<\/strong> informieren.<\/p>\n<p class=\"p1\"><strong>Reduzieren, wiederverwenden, recyceln<\/strong><\/p>\n<p class=\"p1\">Entdecken Sie unsere Recyclingl\u00f6sungen, die darauf abzielen, eine Kreislaufwirtschaft zu entwickeln, indem Abf\u00e4lle wie Schaumstoffreste und Watte in einen neuen <strong>Sekund\u00e4rrohstoff<\/strong> umgewandelt werden, der zum F\u00fcllen von Kissen, Sesseln, Sofas, Matratzen und anderen Polsterm\u00f6beln verwendet wird. Dies f\u00fchrt auch zu einer erheblichen Verringerung des Rohstoffverbrauchs, da nur ein minimaler Prozentsatz in Mischungen verwendet wird. Es ist auch m\u00f6glich, aus Produktionsabf\u00e4llen <strong>wiederverbundenen Schaum<\/strong> f\u00fcr Matratzen, Sofas und andere Anwendungen herzustellen.<\/p>\n<p class=\"p1\"><strong>\u00dcberdenken Sie Ihren Prozess<\/strong><\/p>\n<p class=\"p1\">Unsere Projektmanager arbeiten jeden Tag mit Kunden aus 60 verschiedenen L\u00e4ndern zusammen. Mit dem Wissen aus \u00fcber 50 Jahren Erfahrung sind sie in der Lage, jeden <strong>einzelnen Prozess vom Rohmaterialhandling bis zur Verpackung eingehend zu untersuchen<\/strong>, um eine <strong>ma\u00dfgeschneiderte L\u00f6sung<\/strong> zu finden, die Produktivit\u00e4t und Effizienz deutlich steigert. Das bedeutet auch, dass eine komplette Linie von <strong>einem<\/strong> <strong>einzigen Hersteller<\/strong> geliefert wird, mit allen Vorteilen, die sich daraus ergeben, wie z. B. ein &#8222;offenes System&#8220; mit der M\u00f6glichkeit, es im Laufe der Zeit schrittweise zu implementieren.<\/p>\n<p class=\"p1\"><strong>Besuche in den Produktionsst\u00e4tten<\/strong><\/p>\n<p class=\"p1\">Im Laufe der Jahre haben wir starke Partnerschaften mit unseren Kunden aufgebaut, die bereit sind, uns und unseren potenziellen neuen Partnern ihre T\u00fcren zu \u00f6ffnen, um die Maschinen von Brighi <strong>in einer echten Produktionsst\u00e4tte<\/strong> in Betrieb zu sehen. Dar\u00fcber hinaus k\u00f6nnen Sie bei diesen Besuchen aus erster Hand neue Produkte sehen, die Sie mit Brighi-Maschinen verarbeiten k\u00f6nnen, und mit Industrieexperten diskutieren.<\/p>\n<p class=\"p1\"><strong>Revolutionieren Sie Ihre Verpackung <span class=\"Apple-converted-space\">\u00a0 \u00a0 \u00a0<\/span><\/strong><\/p>\n<p class=\"p1\">Wenn es um Verpackungen geht, ist <strong>Sparen<\/strong> das Schl\u00fcsselwort: nicht nur Kosteneinsparungen bei Plastikt\u00fcten (bis zu 90.000,00 $ pro Jahr), sondern auch eine Reduzierung der Transport-, Lager- und Arbeitskosten.<\/p>\n<p class=\"p1\">Es spielt keine Rolle, welche Art von Verpackung Sie suchen (Flachverpackung, Rollenverpackung, Mehrfachverpackung usw.) und welche Art von Beutel Sie verwenden m\u00f6chten: mit unseren Anlagen finden Sie eine automatische oder halbautomatische L\u00f6sung, die Ihren Bed\u00fcrfnissen entspricht. Kommen Sie und entdecken Sie sie an unserem Stand!<\/p>\n","protected":false},"excerpt":{"rendered":"<p>2023 ist das Jahr, in dem wir beschlossen haben, auf Beziehungen zu setzen: die, die wir mit unseren Kunden haben, und die, die wir mit Marktf\u00fchrern und Trendsettern aufbauen wollen. Aus diesen Beziehungen entstehen unsere Ideen, und deshalb nehmen wir 2023 mit einer Ausstellungsfl\u00e4che von \u00fcber 450 qm an den wichtigsten und internationalsten Veranstaltungen der [&hellip;]<\/p>\n","protected":false},"author":1,"featured_media":9471,"comment_status":"closed","ping_status":"closed","sticky":false,"template":"","format":"standard","meta":{"_acf_changed":false,"footnotes":""},"categories":[270],"tags":[],"class_list":["post-9477","post","type-post","status-publish","format-standard","has-post-thumbnail","hentry","category-news-de"],"acf":[],"yoast_head":"<!-- This site is optimized with the Yoast SEO plugin v24.2 - https:\/\/yoast.com\/wordpress\/plugins\/seo\/ -->\n<title>UNSERE PR\u00c4SENZ AUF INTERNATIONALEN MESSEN<\/title>\n<meta name=\"description\" content=\"Machen wir uns auf, den Markt zu erobern: 2023 nehmen wir mit \u00fcber 450 mq an innovativen L\u00f6sungen an den wichtigsten Events der Branche teil.\" \/>\n<meta name=\"robots\" content=\"index, follow, max-snippet:-1, max-image-preview:large, max-video-preview:-1\" \/>\n<link rel=\"canonical\" href=\"https:\/\/www.brighigroup.com\/de\/blog\/2023\/04\/18\/unsere-prasenz-auf-internationalen-messen\/\" \/>\n<meta property=\"og:locale\" content=\"de_DE\" \/>\n<meta property=\"og:type\" content=\"article\" \/>\n<meta property=\"og:title\" content=\"UNSERE PR\u00c4SENZ AUF INTERNATIONALEN MESSEN\" \/>\n<meta property=\"og:description\" content=\"Machen wir uns auf, den Markt zu erobern: 2023 nehmen wir mit \u00fcber 450 mq an innovativen L\u00f6sungen an den wichtigsten Events der Branche teil.\" \/>\n<meta property=\"og:url\" content=\"https:\/\/www.brighigroup.com\/de\/blog\/2023\/04\/18\/unsere-prasenz-auf-internationalen-messen\/\" \/>\n<meta property=\"og:site_name\" content=\"Brighi Group\" \/>\n<meta property=\"article:published_time\" content=\"2023-04-18T10:28:46+00:00\" \/>\n<meta property=\"article:modified_time\" content=\"2023-04-19T15:08:57+00:00\" \/>\n<meta property=\"og:image\" content=\"https:\/\/www.brighigroup.com\/wp-content\/uploads\/2023\/04\/brighi-group-fair.jpg\" \/>\n\t<meta property=\"og:image:width\" content=\"795\" \/>\n\t<meta property=\"og:image:height\" content=\"585\" \/>\n\t<meta property=\"og:image:type\" content=\"image\/jpeg\" \/>\n<meta name=\"author\" content=\"brighi_admin\" \/>\n<meta name=\"twitter:card\" content=\"summary_large_image\" \/>\n<meta name=\"twitter:label1\" content=\"Verfasst von\" \/>\n\t<meta name=\"twitter:data1\" content=\"brighi_admin\" \/>\n\t<meta name=\"twitter:label2\" content=\"Gesch\u00e4tzte Lesezeit\" \/>\n\t<meta name=\"twitter:data2\" content=\"3\u00a0Minuten\" \/>\n<script type=\"application\/ld+json\" class=\"yoast-schema-graph\">{\"@context\":\"https:\/\/schema.org\",\"@graph\":[{\"@type\":\"WebPage\",\"@id\":\"https:\/\/www.brighigroup.com\/de\/blog\/2023\/04\/18\/unsere-prasenz-auf-internationalen-messen\/\",\"url\":\"https:\/\/www.brighigroup.com\/de\/blog\/2023\/04\/18\/unsere-prasenz-auf-internationalen-messen\/\",\"name\":\"UNSERE PR\u00c4SENZ AUF INTERNATIONALEN MESSEN\",\"isPartOf\":{\"@id\":\"https:\/\/www.brighigroup.com\/de\/#website\"},\"primaryImageOfPage\":{\"@id\":\"https:\/\/www.brighigroup.com\/de\/blog\/2023\/04\/18\/unsere-prasenz-auf-internationalen-messen\/#primaryimage\"},\"image\":{\"@id\":\"https:\/\/www.brighigroup.com\/de\/blog\/2023\/04\/18\/unsere-prasenz-auf-internationalen-messen\/#primaryimage\"},\"thumbnailUrl\":\"https:\/\/www.brighigroup.com\/wp-content\/uploads\/2023\/04\/brighi-group-fair.jpg\",\"datePublished\":\"2023-04-18T10:28:46+00:00\",\"dateModified\":\"2023-04-19T15:08:57+00:00\",\"author\":{\"@id\":\"https:\/\/www.brighigroup.com\/de\/#\/schema\/person\/67894726dcdf65c5613a37e204222a9c\"},\"description\":\"Machen wir uns auf, den Markt zu erobern: 2023 nehmen wir mit \u00fcber 450 mq an innovativen L\u00f6sungen an den wichtigsten Events der Branche teil.\",\"breadcrumb\":{\"@id\":\"https:\/\/www.brighigroup.com\/de\/blog\/2023\/04\/18\/unsere-prasenz-auf-internationalen-messen\/#breadcrumb\"},\"inLanguage\":\"de\",\"potentialAction\":[{\"@type\":\"ReadAction\",\"target\":[\"https:\/\/www.brighigroup.com\/de\/blog\/2023\/04\/18\/unsere-prasenz-auf-internationalen-messen\/\"]}]},{\"@type\":\"ImageObject\",\"inLanguage\":\"de\",\"@id\":\"https:\/\/www.brighigroup.com\/de\/blog\/2023\/04\/18\/unsere-prasenz-auf-internationalen-messen\/#primaryimage\",\"url\":\"https:\/\/www.brighigroup.com\/wp-content\/uploads\/2023\/04\/brighi-group-fair.jpg\",\"contentUrl\":\"https:\/\/www.brighigroup.com\/wp-content\/uploads\/2023\/04\/brighi-group-fair.jpg\",\"width\":795,\"height\":585},{\"@type\":\"BreadcrumbList\",\"@id\":\"https:\/\/www.brighigroup.com\/de\/blog\/2023\/04\/18\/unsere-prasenz-auf-internationalen-messen\/#breadcrumb\",\"itemListElement\":[{\"@type\":\"ListItem\",\"position\":1,\"name\":\"Home\",\"item\":\"https:\/\/www.brighigroup.com\/de\/home-2\/\"},{\"@type\":\"ListItem\",\"position\":2,\"name\":\"UNSERE PR\u00c4SENZ AUF INTERNATIONALEN MESSEN\"}]},{\"@type\":\"WebSite\",\"@id\":\"https:\/\/www.brighigroup.com\/de\/#website\",\"url\":\"https:\/\/www.brighigroup.com\/de\/\",\"name\":\"Brighi Group\",\"description\":\"Home textile e di prodotti imbottiti per il design d&#039;arredo tramandando l&#039;innovazione come cultura d&#039;impresa.\",\"potentialAction\":[{\"@type\":\"SearchAction\",\"target\":{\"@type\":\"EntryPoint\",\"urlTemplate\":\"https:\/\/www.brighigroup.com\/de\/?s={search_term_string}\"},\"query-input\":{\"@type\":\"PropertyValueSpecification\",\"valueRequired\":true,\"valueName\":\"search_term_string\"}}],\"inLanguage\":\"de\"},{\"@type\":\"Person\",\"@id\":\"https:\/\/www.brighigroup.com\/de\/#\/schema\/person\/67894726dcdf65c5613a37e204222a9c\",\"name\":\"brighi_admin\",\"sameAs\":[\"https:\/\/www.brighigroup.com\"],\"url\":\"https:\/\/www.brighigroup.com\/de\/blog\/author\/brighi_admin\/\"}]}<\/script>\n<!-- \/ Yoast SEO plugin. -->","yoast_head_json":{"title":"UNSERE PR\u00c4SENZ AUF INTERNATIONALEN MESSEN","description":"Machen wir uns auf, den Markt zu erobern: 2023 nehmen wir mit \u00fcber 450 mq an innovativen L\u00f6sungen an den wichtigsten Events der Branche teil.","robots":{"index":"index","follow":"follow","max-snippet":"max-snippet:-1","max-image-preview":"max-image-preview:large","max-video-preview":"max-video-preview:-1"},"canonical":"https:\/\/www.brighigroup.com\/de\/blog\/2023\/04\/18\/unsere-prasenz-auf-internationalen-messen\/","og_locale":"de_DE","og_type":"article","og_title":"UNSERE PR\u00c4SENZ AUF INTERNATIONALEN MESSEN","og_description":"Machen wir uns auf, den Markt zu erobern: 2023 nehmen wir mit \u00fcber 450 mq an innovativen L\u00f6sungen an den wichtigsten Events der Branche teil.","og_url":"https:\/\/www.brighigroup.com\/de\/blog\/2023\/04\/18\/unsere-prasenz-auf-internationalen-messen\/","og_site_name":"Brighi Group","article_published_time":"2023-04-18T10:28:46+00:00","article_modified_time":"2023-04-19T15:08:57+00:00","og_image":[{"width":795,"height":585,"url":"https:\/\/www.brighigroup.com\/wp-content\/uploads\/2023\/04\/brighi-group-fair.jpg","type":"image\/jpeg"}],"author":"brighi_admin","twitter_card":"summary_large_image","twitter_misc":{"Verfasst von":"brighi_admin","Gesch\u00e4tzte Lesezeit":"3\u00a0Minuten"},"schema":{"@context":"https:\/\/schema.org","@graph":[{"@type":"WebPage","@id":"https:\/\/www.brighigroup.com\/de\/blog\/2023\/04\/18\/unsere-prasenz-auf-internationalen-messen\/","url":"https:\/\/www.brighigroup.com\/de\/blog\/2023\/04\/18\/unsere-prasenz-auf-internationalen-messen\/","name":"UNSERE PR\u00c4SENZ AUF INTERNATIONALEN MESSEN","isPartOf":{"@id":"https:\/\/www.brighigroup.com\/de\/#website"},"primaryImageOfPage":{"@id":"https:\/\/www.brighigroup.com\/de\/blog\/2023\/04\/18\/unsere-prasenz-auf-internationalen-messen\/#primaryimage"},"image":{"@id":"https:\/\/www.brighigroup.com\/de\/blog\/2023\/04\/18\/unsere-prasenz-auf-internationalen-messen\/#primaryimage"},"thumbnailUrl":"https:\/\/www.brighigroup.com\/wp-content\/uploads\/2023\/04\/brighi-group-fair.jpg","datePublished":"2023-04-18T10:28:46+00:00","dateModified":"2023-04-19T15:08:57+00:00","author":{"@id":"https:\/\/www.brighigroup.com\/de\/#\/schema\/person\/67894726dcdf65c5613a37e204222a9c"},"description":"Machen wir uns auf, den Markt zu erobern: 2023 nehmen wir mit \u00fcber 450 mq an innovativen L\u00f6sungen an den wichtigsten Events der Branche teil.","breadcrumb":{"@id":"https:\/\/www.brighigroup.com\/de\/blog\/2023\/04\/18\/unsere-prasenz-auf-internationalen-messen\/#breadcrumb"},"inLanguage":"de","potentialAction":[{"@type":"ReadAction","target":["https:\/\/www.brighigroup.com\/de\/blog\/2023\/04\/18\/unsere-prasenz-auf-internationalen-messen\/"]}]},{"@type":"ImageObject","inLanguage":"de","@id":"https:\/\/www.brighigroup.com\/de\/blog\/2023\/04\/18\/unsere-prasenz-auf-internationalen-messen\/#primaryimage","url":"https:\/\/www.brighigroup.com\/wp-content\/uploads\/2023\/04\/brighi-group-fair.jpg","contentUrl":"https:\/\/www.brighigroup.com\/wp-content\/uploads\/2023\/04\/brighi-group-fair.jpg","width":795,"height":585},{"@type":"BreadcrumbList","@id":"https:\/\/www.brighigroup.com\/de\/blog\/2023\/04\/18\/unsere-prasenz-auf-internationalen-messen\/#breadcrumb","itemListElement":[{"@type":"ListItem","position":1,"name":"Home","item":"https:\/\/www.brighigroup.com\/de\/home-2\/"},{"@type":"ListItem","position":2,"name":"UNSERE PR\u00c4SENZ AUF INTERNATIONALEN MESSEN"}]},{"@type":"WebSite","@id":"https:\/\/www.brighigroup.com\/de\/#website","url":"https:\/\/www.brighigroup.com\/de\/","name":"Brighi Group","description":"Home textile e di prodotti imbottiti per il design d&#039;arredo tramandando l&#039;innovazione come cultura d&#039;impresa.","potentialAction":[{"@type":"SearchAction","target":{"@type":"EntryPoint","urlTemplate":"https:\/\/www.brighigroup.com\/de\/?s={search_term_string}"},"query-input":{"@type":"PropertyValueSpecification","valueRequired":true,"valueName":"search_term_string"}}],"inLanguage":"de"},{"@type":"Person","@id":"https:\/\/www.brighigroup.com\/de\/#\/schema\/person\/67894726dcdf65c5613a37e204222a9c","name":"brighi_admin","sameAs":["https:\/\/www.brighigroup.com"],"url":"https:\/\/www.brighigroup.com\/de\/blog\/author\/brighi_admin\/"}]}},"_links":{"self":[{"href":"https:\/\/www.brighigroup.com\/de\/wp-json\/wp\/v2\/posts\/9477","targetHints":{"allow":["GET"]}}],"collection":[{"href":"https:\/\/www.brighigroup.com\/de\/wp-json\/wp\/v2\/posts"}],"about":[{"href":"https:\/\/www.brighigroup.com\/de\/wp-json\/wp\/v2\/types\/post"}],"author":[{"embeddable":true,"href":"https:\/\/www.brighigroup.com\/de\/wp-json\/wp\/v2\/users\/1"}],"replies":[{"embeddable":true,"href":"https:\/\/www.brighigroup.com\/de\/wp-json\/wp\/v2\/comments?post=9477"}],"version-history":[{"count":9,"href":"https:\/\/www.brighigroup.com\/de\/wp-json\/wp\/v2\/posts\/9477\/revisions"}],"predecessor-version":[{"id":9581,"href":"https:\/\/www.brighigroup.com\/de\/wp-json\/wp\/v2\/posts\/9477\/revisions\/9581"}],"wp:featuredmedia":[{"embeddable":true,"href":"https:\/\/www.brighigroup.com\/de\/wp-json\/wp\/v2\/media\/9471"}],"wp:attachment":[{"href":"https:\/\/www.brighigroup.com\/de\/wp-json\/wp\/v2\/media?parent=9477"}],"wp:term":[{"taxonomy":"category","embeddable":true,"href":"https:\/\/www.brighigroup.com\/de\/wp-json\/wp\/v2\/categories?post=9477"},{"taxonomy":"post_tag","embeddable":true,"href":"https:\/\/www.brighigroup.com\/de\/wp-json\/wp\/v2\/tags?post=9477"}],"curies":[{"name":"wp","href":"https:\/\/api.w.org\/{rel}","templated":true}]}}